{"id":411043,"date":"2020-09-28T23:12:25","date_gmt":"2020-09-28T21:12:25","guid":{"rendered":"https:\/\/www.albinfo.ch\/?p=411043"},"modified":"2020-09-28T23:14:43","modified_gmt":"2020-09-28T21:14:43","slug":"prolongation-des-mesures-visant-a-assurer-le-bon-fonctionnement-de-la-justice","status":"publish","type":"post","link":"https:\/\/www.albinfo.at\/fr\/prolongation-des-mesures-visant-a-assurer-le-bon-fonctionnement-de-la-justice\/","title":{"rendered":"Prolongation des mesures visant \u00e0 assurer le bon fonctionnement de la justice"},"content":{"rendered":"<div class=\"contentHead\"><strong>Certaines des mesures adopt\u00e9es pour assurer le bon fonctionnement de la justice restent de mise et sont de ce fait prolong\u00e9es. Le Parlement a instaur\u00e9 les bases l\u00e9gales n\u00e9cessaires \u00e0 la prolongation en approuvant la loi COVID-19. Lors de sa s\u00e9ance du 25 septembre 2020, le Conseil f\u00e9d\u00e9ral a, dans un souci de continuit\u00e9 de l\u2019application du droit, d\u00e9cid\u00e9 de prolonger la validit\u00e9 de l\u2019ordonnance de n\u00e9cessit\u00e9 consacr\u00e9e \u00e0 la justice et au droit proc\u00e9dural, tout en l\u2019adaptant \u00e0 la nouvelle situation \u00e9pid\u00e9miologique. La dur\u00e9e de validit\u00e9 de l\u2019ordonnance est limit\u00e9e au 31 d\u00e9cembre 2021.<\/strong><\/div>\n<div class=\"mod mod-nsbnewsdetails\">\n<p>Le 16 avril 2020, le Conseil f\u00e9d\u00e9ral a \u00e9dict\u00e9 l&#8217;ordonnance instaurant des mesures en lien avec le coronavirus dans le domaine de la justice et du droit proc\u00e9dural (ordonnance COVID-19 justice et droit proc\u00e9dural), fond\u00e9e sur l&#8217;art.\u00a0185, al.\u00a03, de la Constitution, pour garantir le fonctionnement des tribunaux et des autres autorit\u00e9s dans la situation extraordinaire qu&#8217;il avait d\u00e9cr\u00e9t\u00e9e. La validit\u00e9 de l&#8217;ordonnance \u00e9tait limit\u00e9e \u00e0 fin septembre 2020.<\/p>\n<p>L&#8217;ordonnance a prouv\u00e9 son utilit\u00e9. Comme la situation \u00e9pid\u00e9miologique actuelle ne permet pas d&#8217;y renoncer, le Conseil f\u00e9d\u00e9ral entend prolonger sa validit\u00e9. Par son message du 12 ao\u00fbt 2020 sur la loi COVID-19, il a propos\u00e9 au Parlement de cr\u00e9er les bases l\u00e9gales n\u00e9cessaires. La loi COVID-19 a \u00e9t\u00e9 approuv\u00e9e par le Parlement lors de la session d&#8217;automne, si bien que l&#8217;ordonnance peut \u00eatre prolong\u00e9e jusqu&#8217;\u00e0 fin 2021. En cas de r\u00e9f\u00e9rendum et de rejet de la loi par le peuple, l&#8217;ordonnance deviendrait caduque.<\/p>\n<h3>Maintien de la possibilit\u00e9 de recourir \u00e0 la vid\u00e9oconf\u00e9rence<\/h3>\n<p>Le Conseil f\u00e9d\u00e9ral a \u00e9galement d\u00e9cid\u00e9 de modifier l&#8217;ordonnance sur le fond. Des adaptations ponctuelles s&#8217;imposent en raison de l&#8217;\u00e9volution de la situation \u00e9pid\u00e9miologique et des mesures prises par la Conf\u00e9d\u00e9ration et par les cantons. Le recours \u00e0 la vid\u00e9oconf\u00e9rence lors d&#8217;audiences et d&#8217;auditions de t\u00e9moins devant un tribunal civil ne sera plus possible qu&#8217;\u00e0 titre exceptionnel, si certaines conditions sont r\u00e9unies. Cette mesure reste optionnelle pour les tribunaux et n\u00e9cessite en principe le consentement des parties.<\/p>\n<p>Le recours \u00e0 la vid\u00e9oconf\u00e9rence est admissible uniquement<\/p>\n<ul>\n<li>lorsqu&#8217;une partie, son repr\u00e9sentant ou un membre du tribunal le demande en raison de son appartenance \u00e0 l&#8217;une des cat\u00e9gories de personnes vuln\u00e9rables au coronavirus et qu&#8217;aucun juste motif ne s&#8217;y oppose, ou<\/li>\n<li>en cas d&#8217;urgence particuli\u00e8re.<\/li>\n<\/ul>\n<p>L&#8217;ordonnance modifi\u00e9e entre en vigueur le 26 septembre 2020. Sa dur\u00e9e de validit\u00e9, fix\u00e9e au 31 d\u00e9cembre 2021, correspond \u00e0 celle de la loi COVID-19. L&#8217;ordonnance devra \u00eatre modifi\u00e9e ou abrog\u00e9e en tout ou en partie si les circonstances changent et que les mesures ne sont plus n\u00e9cessaires.<\/p>\n<\/div>\n","protected":false},"excerpt":{"rendered":"<p>L&#8217;ordonnance modifi\u00e9e entre en vigueur le 26 septembre 2020. Sa dur\u00e9e de validit\u00e9, fix\u00e9e au 31 d\u00e9cembre 2021, correspond \u00e0 celle de la loi COVID-19<\/p>\n","protected":false},"author":4,"featured_media":263513,"comment_status":"open","ping_status":"open","sticky":false,"template":"","format":"standard","meta":{"footnotes":""},"categories":[1171,1170],"tags":[],"vendi":[],"content_country":[],"class_list":["post-411043","post","type-post","status-publish","format-standard","has-post-thumbnail","hentry","category-thematique","category-vivre-en-suisse"],"acf":[],"_links":{"self":[{"href":"https:\/\/www.albinfo.at\/fr\/wp-json\/wp\/v2\/posts\/411043","targetHints":{"allow":["GET"]}}],"collection":[{"href":"https:\/\/www.albinfo.at\/fr\/wp-json\/wp\/v2\/posts"}],"about":[{"href":"https:\/\/www.albinfo.at\/fr\/wp-json\/wp\/v2\/types\/post"}],"author":[{"embeddable":true,"href":"https:\/\/www.albinfo.at\/fr\/wp-json\/wp\/v2\/users\/4"}],"replies":[{"embeddable":true,"href":"https:\/\/www.albinfo.at\/fr\/wp-json\/wp\/v2\/comments?post=411043"}],"version-history":[{"count":0,"href":"https:\/\/www.albinfo.at\/fr\/wp-json\/wp\/v2\/posts\/411043\/revisions"}],"wp:featuredmedia":[{"embeddable":true,"href":"https:\/\/www.albinfo.at\/fr\/wp-json\/wp\/v2\/media\/263513"}],"wp:attachment":[{"href":"https:\/\/www.albinfo.at\/fr\/wp-json\/wp\/v2\/media?parent=411043"}],"wp:term":[{"taxonomy":"category","embeddable":true,"href":"https:\/\/www.albinfo.at\/fr\/wp-json\/wp\/v2\/categories?post=411043"},{"taxonomy":"post_tag","embeddable":true,"href":"https:\/\/www.albinfo.at\/fr\/wp-json\/wp\/v2\/tags?post=411043"},{"taxonomy":"vendi","embeddable":true,"href":"https:\/\/www.albinfo.at\/fr\/wp-json\/wp\/v2\/vendi?post=411043"},{"taxonomy":"content_country","embeddable":true,"href":"https:\/\/www.albinfo.at\/fr\/wp-json\/wp\/v2\/content_country?post=411043"}],"curies":[{"name":"wp","href":"https:\/\/api.w.org\/{rel}","templated":true}]}}