{"id":411026,"date":"2020-09-28T22:50:38","date_gmt":"2020-09-28T20:50:38","guid":{"rendered":"https:\/\/www.albinfo.ch\/?p=411026"},"modified":"2020-09-28T22:37:55","modified_gmt":"2020-09-28T20:37:55","slug":"coronavirus-le-conseil-federal-entend-soulager-lindustrie-dexportation","status":"publish","type":"post","link":"https:\/\/www.albinfo.at\/fr\/coronavirus-le-conseil-federal-entend-soulager-lindustrie-dexportation\/","title":{"rendered":"Coronavirus : le Conseil f\u00e9d\u00e9ral entend soulager l\u2019industrie d\u2019exportation"},"content":{"rendered":"<div class=\"contentHead\"><\/div>\n<div class=\"mod mod-nsbnewsdetails\">\n<p><strong>Les mesures de lutte contre la pand\u00e9mie ont consid\u00e9rablement restreint les activit\u00e9s des entreprises au cours du premier semestre. Parall\u00e8lement, la demande mondiale s\u2019est fortement contract\u00e9e. L\u2019industrie d\u2019exportation souffrant particuli\u00e8rement de cette situation, le Conseil f\u00e9d\u00e9ral a pris, le 25 septembre 2020, des mesures visant \u00e0 soulager les entreprises tourn\u00e9es vers l\u2019exportation.<\/strong><\/p>\n<p>La pand\u00e9mie de COVID-19 place l\u2019industrie d\u2019exportation devant des d\u00e9fis majeurs qui risquent de perdurer un certain temps. En dehors de la contraction de la demande, le secteur doit composer avec la rupture ou la modification de cha\u00eenes d\u2019approvisionnement et des restrictions frappant la circulation des personnes et des marchandises. Le manque de pr\u00e9visibilit\u00e9 exacerbe encore la situation. Le besoin en mati\u00e8re de conseil s\u2019en trouve accru, tout comme le co\u00fbt des mesures visant \u00e0 promouvoir les ventes et la prospection des march\u00e9s, autant d\u2019activit\u00e9s qui se d\u00e9veloppent aussi de plus en plus dans le domaine du num\u00e9rique. Cette situation fait peser une charge suppl\u00e9mentaire sur bon nombre de PME ax\u00e9es sur l\u2019exportation.<\/p>\n<p>Au plus fort de la crise, Switzerland Global Enterprise, qui assure la promotion des exportations, a rapidement r\u00e9agi et adapt\u00e9 ses services de soutien aux nouveaux besoins des clients. Il appara\u00eet \u00e0 pr\u00e9sent que les mesures prises ne suffisent pas \u00e0 couvrir les besoins suppl\u00e9mentaires des exportateurs.<\/p>\n<p>Le Conseil f\u00e9d\u00e9ral a par cons\u00e9quent d\u00e9cid\u00e9 de compl\u00e9ter le vaste train de mesures d\u00e9j\u00e0 approuv\u00e9 pour venir en aide \u00e0 l\u2019\u00e9conomie suisse en injectant 2,6\u00a0millions de francs suppl\u00e9mentaires dans la promotion des exportations de la Conf\u00e9d\u00e9ration en 2021. Cette mesure permet de renforcer, temporairement et de mani\u00e8re cibl\u00e9e, les services de conseil et de soutien en faveur des exportateurs sur des march\u00e9s importants. Ces fonds doivent \u00e9galement servir \u00e0 mettre en place des offres num\u00e9riques sur mesure pour ouvrir des d\u00e9bouch\u00e9s commerciaux dans le monde entier, sans contrainte de temps ni de lieu.<\/p>\n<\/div>\n","protected":false},"excerpt":{"rendered":"<p>Au plus fort de la crise, Switzerland Global Enterprise, qui assure la promotion des exportations, a rapidement r\u00e9agi et adapt\u00e9 ses services de soutien aux nouveaux besoins des clients<\/p>\n","protected":false},"author":4,"featured_media":280906,"comment_status":"open","ping_status":"open","sticky":false,"template":"","format":"standard","meta":{"footnotes":""},"categories":[1171,1170],"tags":[],"vendi":[],"content_country":[],"class_list":["post-411026","post","type-post","status-publish","format-standard","has-post-thumbnail","hentry","category-thematique","category-vivre-en-suisse"],"acf":[],"_links":{"self":[{"href":"https:\/\/www.albinfo.at\/fr\/wp-json\/wp\/v2\/posts\/411026","targetHints":{"allow":["GET"]}}],"collection":[{"href":"https:\/\/www.albinfo.at\/fr\/wp-json\/wp\/v2\/posts"}],"about":[{"href":"https:\/\/www.albinfo.at\/fr\/wp-json\/wp\/v2\/types\/post"}],"author":[{"embeddable":true,"href":"https:\/\/www.albinfo.at\/fr\/wp-json\/wp\/v2\/users\/4"}],"replies":[{"embeddable":true,"href":"https:\/\/www.albinfo.at\/fr\/wp-json\/wp\/v2\/comments?post=411026"}],"version-history":[{"count":0,"href":"https:\/\/www.albinfo.at\/fr\/wp-json\/wp\/v2\/posts\/411026\/revisions"}],"wp:featuredmedia":[{"embeddable":true,"href":"https:\/\/www.albinfo.at\/fr\/wp-json\/wp\/v2\/media\/280906"}],"wp:attachment":[{"href":"https:\/\/www.albinfo.at\/fr\/wp-json\/wp\/v2\/media?parent=411026"}],"wp:term":[{"taxonomy":"category","embeddable":true,"href":"https:\/\/www.albinfo.at\/fr\/wp-json\/wp\/v2\/categories?post=411026"},{"taxonomy":"post_tag","embeddable":true,"href":"https:\/\/www.albinfo.at\/fr\/wp-json\/wp\/v2\/tags?post=411026"},{"taxonomy":"vendi","embeddable":true,"href":"https:\/\/www.albinfo.at\/fr\/wp-json\/wp\/v2\/vendi?post=411026"},{"taxonomy":"content_country","embeddable":true,"href":"https:\/\/www.albinfo.at\/fr\/wp-json\/wp\/v2\/content_country?post=411026"}],"curies":[{"name":"wp","href":"https:\/\/api.w.org\/{rel}","templated":true}]}}