{"id":411021,"date":"2020-09-28T22:31:58","date_gmt":"2020-09-28T20:31:58","guid":{"rendered":"https:\/\/www.albinfo.ch\/?p=411021"},"modified":"2020-09-28T22:31:58","modified_gmt":"2020-09-28T20:31:58","slug":"formation-professionnelle-quand-la-recession-impacte-linsertion-professionnelle-resultats-de-la-recherche","status":"publish","type":"post","link":"https:\/\/www.albinfo.at\/fr\/formation-professionnelle-quand-la-recession-impacte-linsertion-professionnelle-resultats-de-la-recherche\/","title":{"rendered":"Formation professionnelle: Quand la r\u00e9cession impacte l\u2019insertion professionnelle \u2013 r\u00e9sultats de la recherche"},"content":{"rendered":"<p>Dans un nouveau \u00ab Zoom sur les tendances \u00bb, des chercheurs et chercheuses de l&#8217;Observatoire suisse de la formation professionnelle OBS IFFP mettent en \u00e9vidence les m\u00e9canismes qui peuvent conduire \u00e0 ce qu\u2019un d\u00e9part difficile dans la vie active ait un impact n\u00e9gatif \u00e0 long terme sur le parcours professionnel. Le document r\u00e9sume \u00e9galement les r\u00e9sultats de la recherche internationale sur l\u2019influence des r\u00e9cessions sur l\u2019insertion professionnelle ainsi que des recherches sur les personnes en d\u00e9but de carri\u00e8re en Suisse. Ces r\u00e9sultats permettent de tirer des conclusions pour la situation actuelle.<\/p>\n<p>Le document \u00ab Zoom sur les tendances : Quand la r\u00e9cession impacte l\u2019insertion professionnelle \u2013 r\u00e9sultats de la recherche \u00bb est disponible au t\u00e9l\u00e9chargement \u00e0 l\u2019adresse suivante :<br \/>\nwww.iffp.swiss\/quand-recession-linsertion-professionnelle-resultats-de-la-recherche<\/p>\n","protected":false},"excerpt":{"rendered":"<p>La pand\u00e9mie de coronavirus entra\u00eene une r\u00e9cession de l\u2019\u00e9conomie et une augmentation du ch\u00f4mage des jeunes, en particulier des jeunes qui entrent sur le march\u00e9 du travail \u00e0 l\u2019issue de leur formation<\/p>\n","protected":false},"author":4,"featured_media":376892,"comment_status":"open","ping_status":"open","sticky":false,"template":"","format":"standard","meta":{"footnotes":""},"categories":[1171,1170],"tags":[],"vendi":[],"content_country":[],"class_list":["post-411021","post","type-post","status-publish","format-standard","has-post-thumbnail","hentry","category-thematique","category-vivre-en-suisse"],"acf":[],"_links":{"self":[{"href":"https:\/\/www.albinfo.at\/fr\/wp-json\/wp\/v2\/posts\/411021","targetHints":{"allow":["GET"]}}],"collection":[{"href":"https:\/\/www.albinfo.at\/fr\/wp-json\/wp\/v2\/posts"}],"about":[{"href":"https:\/\/www.albinfo.at\/fr\/wp-json\/wp\/v2\/types\/post"}],"author":[{"embeddable":true,"href":"https:\/\/www.albinfo.at\/fr\/wp-json\/wp\/v2\/users\/4"}],"replies":[{"embeddable":true,"href":"https:\/\/www.albinfo.at\/fr\/wp-json\/wp\/v2\/comments?post=411021"}],"version-history":[{"count":0,"href":"https:\/\/www.albinfo.at\/fr\/wp-json\/wp\/v2\/posts\/411021\/revisions"}],"wp:featuredmedia":[{"embeddable":true,"href":"https:\/\/www.albinfo.at\/fr\/wp-json\/wp\/v2\/media\/376892"}],"wp:attachment":[{"href":"https:\/\/www.albinfo.at\/fr\/wp-json\/wp\/v2\/media?parent=411021"}],"wp:term":[{"taxonomy":"category","embeddable":true,"href":"https:\/\/www.albinfo.at\/fr\/wp-json\/wp\/v2\/categories?post=411021"},{"taxonomy":"post_tag","embeddable":true,"href":"https:\/\/www.albinfo.at\/fr\/wp-json\/wp\/v2\/tags?post=411021"},{"taxonomy":"vendi","embeddable":true,"href":"https:\/\/www.albinfo.at\/fr\/wp-json\/wp\/v2\/vendi?post=411021"},{"taxonomy":"content_country","embeddable":true,"href":"https:\/\/www.albinfo.at\/fr\/wp-json\/wp\/v2\/content_country?post=411021"}],"curies":[{"name":"wp","href":"https:\/\/api.w.org\/{rel}","templated":true}]}}