{"id":410750,"date":"2020-09-28T09:30:44","date_gmt":"2020-09-28T07:30:44","guid":{"rendered":"https:\/\/www.albinfo.ch\/?p=410750"},"modified":"2020-09-28T01:23:13","modified_gmt":"2020-09-27T23:23:13","slug":"la-confederation-participe-a-linitiative-covax-pour-lacquisition-de-vaccins-contre-le-covid-19","status":"publish","type":"post","link":"https:\/\/www.albinfo.at\/fr\/la-confederation-participe-a-linitiative-covax-pour-lacquisition-de-vaccins-contre-le-covid-19\/","title":{"rendered":"La Conf\u00e9d\u00e9ration participe \u00e0 l\u2019initiative COVAX pour l\u2019acquisition de vaccins contre le COVID-19"},"content":{"rendered":"<div class=\"contentHead\"><\/div>\n<div class=\"mod mod-nsbnewsdetails\">\n<p><strong>La Suisse s\u2019engage en faveur d\u2019une solution globale pour une distribution \u00e9quitable des futurs vaccins contre le COVID-19. L\u2019initiative COVAX, men\u00e9e par l\u2019Alliance du vaccin (Gavi), la Coalition pour les innovations en mati\u00e8re de pr\u00e9paration aux \u00e9pid\u00e9mies (CEPI) et l\u2019Organisation mondiale de la sant\u00e9 (OMS), vise \u00e0 fournir un total d\u2019environ deux milliards de doses de vaccins. Le 18 septembre 2020, la Suisse a confirm\u00e9 sa participation \u00e0 l\u2019initiative afin de se procurer des vaccins pour 20 % de sa population.<\/strong><\/p>\n<p>Dans le monde, aucun vaccin contre le COVID-19 n\u2019a pour l\u2019instant \u00e9t\u00e9 autoris\u00e9, mais les activit\u00e9s de recherche et d\u00e9veloppement battent leur plein. Afin de garantir une distribution \u00e9quitable des vaccins contre le COVID-19 au niveau mondial, des \u00c9tats du monde entier se sont regroup\u00e9s pour former l\u2019initiative COVAX (COVID-19 Vaccine Global Access Facility), mettant en place un m\u00e9canisme d\u2019achat commun.<\/p>\n<p>L\u2019objectif est d\u2019acqu\u00e9rir environ deux milliards de doses de vaccin aupr\u00e8s de diff\u00e9rents fabricants d\u2019ici fin 2021. Actuellement, neuf vaccins candidats prennent part \u00e0 COVAX, et neuf autres sont en cours d\u2019\u00e9valuation. L\u2019initiative entend ainsi cr\u00e9er le portefeuille de vaccins contre le COVID-19 le plus important et le plus diversifi\u00e9 au monde.<\/p>\n<p>La lutte contre le COVID-19 donnera ainsi pour la premi\u00e8re fois naissance \u00e0 un programme d\u2019achat mondial de vaccins, auquel tous les pays peuvent participer.<\/p>\n<p>L\u2019initiative transnationale pour la vaccination a \u00e9t\u00e9 lanc\u00e9e en juin 2020 ; de plus, COVAX rendra les vaccins accessibles \u00e0 92 pays \u00e0 faible revenu gr\u00e2ce \u00e0 l\u2019aide au d\u00e9veloppement. La Suisse y participe \u00e0 hauteur de 20 millions de francs. En outre, les pays dits autofinanc\u00e9s, c\u2019est-\u00e0-dire les pays \u00e0 revenu \u00e9lev\u00e9 comme la Suisse, peuvent apporter des contributions suppl\u00e9mentaires afin d\u2019acheter des vaccins pour leurs propres besoins.<\/p>\n<p>COVAX est dirig\u00e9e par la Gavi, la CEPI et l\u2019OMS. La Suisse soutient cette initiative depuis le d\u00e9but ; avec Singapour, elle a dirig\u00e9 un groupe informel de pays partageant les m\u00eames vues afin d\u2019accompagner la cr\u00e9ation de la structure COVAX du point de vue des pays autofinanc\u00e9s.<\/p>\n<h2>Acquisition de vaccins au niveau national<\/h2>\n<p>Le Conseil f\u00e9d\u00e9ral a allou\u00e9 un total de 300 millions de francs pour l\u2019achat d\u2019un vaccin. La Conf\u00e9d\u00e9ration \u00e9value divers candidats afin de garantir \u00e0 la population suisse un acc\u00e8s rapide et s\u00fbr \u00e0 un produit. Dans un premier temps, elle a conclu un contrat avec Moderna pour l\u2019achat de 4,5 millions de doses. Elle est parall\u00e8lement en discussion avec d\u2019autres fabricants. La participation \u00e0 l\u2019initiative COVAX vient compl\u00e9ter ces efforts.<\/p>\n<\/div>\n","protected":false},"excerpt":{"rendered":"<p>L\u2019objectif est d\u2019acqu\u00e9rir environ deux milliards de doses de vaccin aupr\u00e8s de diff\u00e9rents fabricants d\u2019ici fin 2021<\/p>\n","protected":false},"author":4,"featured_media":395337,"comment_status":"open","ping_status":"open","sticky":false,"template":"","format":"standard","meta":{"footnotes":""},"categories":[18826,22521,24630,1170],"tags":[4418],"vendi":[],"content_country":[],"class_list":["post-410750","post","type-post","status-publish","format-standard","has-post-thumbnail","hentry","category-lajme-jeta-ne-zvicer-fr","category-coronavirus-minutes-par-minutes","category-nouvelles","category-vivre-en-suisse","tag-zvicra-fr"],"acf":[],"_links":{"self":[{"href":"https:\/\/www.albinfo.at\/fr\/wp-json\/wp\/v2\/posts\/410750","targetHints":{"allow":["GET"]}}],"collection":[{"href":"https:\/\/www.albinfo.at\/fr\/wp-json\/wp\/v2\/posts"}],"about":[{"href":"https:\/\/www.albinfo.at\/fr\/wp-json\/wp\/v2\/types\/post"}],"author":[{"embeddable":true,"href":"https:\/\/www.albinfo.at\/fr\/wp-json\/wp\/v2\/users\/4"}],"replies":[{"embeddable":true,"href":"https:\/\/www.albinfo.at\/fr\/wp-json\/wp\/v2\/comments?post=410750"}],"version-history":[{"count":0,"href":"https:\/\/www.albinfo.at\/fr\/wp-json\/wp\/v2\/posts\/410750\/revisions"}],"wp:featuredmedia":[{"embeddable":true,"href":"https:\/\/www.albinfo.at\/fr\/wp-json\/wp\/v2\/media\/395337"}],"wp:attachment":[{"href":"https:\/\/www.albinfo.at\/fr\/wp-json\/wp\/v2\/media?parent=410750"}],"wp:term":[{"taxonomy":"category","embeddable":true,"href":"https:\/\/www.albinfo.at\/fr\/wp-json\/wp\/v2\/categories?post=410750"},{"taxonomy":"post_tag","embeddable":true,"href":"https:\/\/www.albinfo.at\/fr\/wp-json\/wp\/v2\/tags?post=410750"},{"taxonomy":"vendi","embeddable":true,"href":"https:\/\/www.albinfo.at\/fr\/wp-json\/wp\/v2\/vendi?post=410750"},{"taxonomy":"content_country","embeddable":true,"href":"https:\/\/www.albinfo.at\/fr\/wp-json\/wp\/v2\/content_country?post=410750"}],"curies":[{"name":"wp","href":"https:\/\/api.w.org\/{rel}","templated":true}]}}