{"id":410046,"date":"2020-09-25T11:16:48","date_gmt":"2020-09-25T09:16:48","guid":{"rendered":"https:\/\/www.albinfo.ch\/?p=410046"},"modified":"2020-09-25T16:57:00","modified_gmt":"2020-09-25T14:57:00","slug":"la-prime-moyenne-de-lassurance-maladie-augmentera-de-05-en-2021","status":"publish","type":"post","link":"https:\/\/www.albinfo.at\/fr\/la-prime-moyenne-de-lassurance-maladie-augmentera-de-05-en-2021\/","title":{"rendered":"La prime moyenne de l\u2019assurance maladie augmentera de 0,5% en 2021"},"content":{"rendered":"<div class=\"mod mod-nsbnewsdetails\">\n<p>La prime moyenne s\u2019\u00e9l\u00e8vera en 2021 \u00e0 316,50 francs. Apr\u00e8s des hausses mod\u00e9r\u00e9es en 2019 et 2020, la hausse de 0,5 % en 2021 sera \u00e0 nouveau inf\u00e9rieure \u00e0 la moyenne des derni\u00e8res ann\u00e9es. Depuis 2010, la prime moyenne a augment\u00e9 de 3,2 % par an en moyenne et de 3,7 % par an depuis l\u2019entr\u00e9e en vigueur de l\u2019assurance obligatoire des soins en 1996.<\/p>\n<p>Les projections montrent que dans neuf cantons (AG, AI, AR, BS, NE, OW, SH, SZ, ZH), l\u2019\u00e9volution de la prime moyenne sera inf\u00e9rieure ou \u00e9gale \u00e0 0 %, alors que dans dix autres (BE, FR, GE, GL, GR, SG, SO, UR, VD, ZG), elle se situera entre 0% et 1%. Dans les sept cantons restants (BL, JU, LU, NW, TG, TI, VS), la hausse sera sup\u00e9rieure \u00e0 1%. L\u2019Office f\u00e9d\u00e9ral de la sant\u00e9 publique (OFSP) a approuv\u00e9 toutes les primes pour un an.<\/p>\n<p>La prime moyenne des adultes (375,40 francs) et des jeunes adultes (265,60 francs) sera en l\u00e9g\u00e8re augmentation de 0,4% par rapport \u00e0 l\u2019ann\u00e9e pass\u00e9e. Celle des enfants baissera l\u00e9g\u00e8rement de 0,1% et s\u2019\u00e9l\u00e8vera \u00e0 99,70 francs.<\/p>\n<h2>Effets de la pand\u00e9mie sur les co\u00fbts<\/h2>\n<p>La hausse des primes refl\u00e8te sur le long terme la hausse des co\u00fbts dans l\u2019assurance-maladie obligatoire. Les primes de 2021 sont calcul\u00e9es pour couvrir les co\u00fbts estim\u00e9s pour l&#8217;ann\u00e9e 2021. Il n\u2019est actuellement pas possible de conna\u00eetre l\u2019impact de la pand\u00e9mie de COVID-19 sur les co\u00fbts de l\u2019ann\u00e9e 2020. Il subsiste de nombreuses incertitudes et il est encore trop t\u00f4t pour \u00e9valuer les co\u00fbts r\u00e9els. Si les co\u00fbts des prestations de l&#8217;ann\u00e9e 2020 s&#8217;av\u00e8rent plus \u00e9lev\u00e9s ou moins \u00e9lev\u00e9s qu\u2019estim\u00e9s lors de la fixation des primes, cela se traduira par une variation correspondante des r\u00e9serves.<\/p>\n<h2>Pour une r\u00e9duction volontaire des r\u00e9serves<\/h2>\n<p>Les r\u00e9serves cumul\u00e9es des assureurs d\u00e9passeront les 11 milliards en 2020. L\u2019OFSP a approuv\u00e9 pour l\u2019ann\u00e9e prochaine une compensation des primes encaiss\u00e9es en trop de 183 millions de francs et une r\u00e9duction volontaire des r\u00e9serves de 28 millions de francs, ce qui fait un total de 211 millions qui retournera aux assur\u00e9s.<\/p>\n<p>La bonne sant\u00e9 financi\u00e8re des caisses-maladie est en soi positive. Le Conseil f\u00e9d\u00e9ral estime toutefois qu\u2019une majorit\u00e9 d\u2019assureurs disposent encore de r\u00e9serves trop \u00e9lev\u00e9es. Actuellement, la l\u00e9gislation ne pr\u00e9voit pas de mesure contraignante pour qu\u2019un assureur-maladie r\u00e9duise le montant des r\u00e9serves. N\u00e9anmoins, le Conseil f\u00e9d\u00e9ral a propos\u00e9 lors de sa s\u00e9ance du 18 septembre 2020 d\u2019adapter l\u2019Ordonnance sur la surveillance de l\u2019assurance-maladie (OSAMal), afin d\u2019inciter les assureurs-maladie \u00e0 calculer les primes au plus juste des co\u00fbts et d\u2019\u00e9viter ainsi des r\u00e9serves excessives. Les assureurs-maladie pourront notamment recourir plus facilement \u00e0 la r\u00e9duction volontaire des r\u00e9serves. Le projet est actuellement en consultation.<\/p>\n<h2>Deuxi\u00e8me paquet du programme de ma\u00eetrise des co\u00fbts<\/h2>\n<p>Le montant des primes d\u2019assurance-maladie repr\u00e9sente une charge toujours plus importante pour les m\u00e9nages. En raison de l\u2019\u00e9volution d\u00e9mographique et du progr\u00e8s technique, les co\u00fbts de la sant\u00e9 vont continuer d\u2019augmenter \u00e0 l\u2019avenir. Le Conseil f\u00e9d\u00e9ral entend limiter la hausse des co\u00fbts \u00e0 ce qui est m\u00e9dicalement justifiable. Il a adopt\u00e9 l\u2019ann\u00e9e pass\u00e9e un premier paquet de neuf mesures pour ma\u00eetriser les co\u00fbts de la sant\u00e9. Celui-ci est actuellement en discussion au Parlement. En ao\u00fbt dernier, il a envoy\u00e9 en consultation un deuxi\u00e8me paquet de mesures dont les \u00e9conomies potentielles sont estim\u00e9es \u00e0 un milliard de francs.<\/p>\n<p class=\"nsbtextkasten\"><strong>Changement d\u2019assurance de base<\/strong><br \/>\nLes assureurs-maladie ont jusqu\u2019\u00e0 fin octobre pour informer leurs assur\u00e9s du montant de leurs primes pour l\u2019ann\u00e9e suivante. Les assur\u00e9s peuvent ensuite r\u00e9silier leur assurance-maladie de base ou choisir une autre forme d\u2019assurance jusqu\u2019\u00e0 fin novembre. Les assureurs-maladie doivent accepter chaque personne dans l\u2019assurance obligatoire des soins et tout le monde est tenu de s\u2019assurer. Pour que la r\u00e9siliation soit accept\u00e9e, l\u2019assureur actuel doit avoir re\u00e7u une copie du nouveau contrat d\u2019assurance.<\/p>\n<p><strong>Priminfo.ch<\/strong><br \/>\nLe site www.priminfo.ch met un calculateur de primes \u00e0 disposition. Toutes les primes de l\u2019assurance obligatoire des soins des assureurs-maladie approuv\u00e9es par l\u2019OFSP pour 2021 y figurent. Le site recense tous les assureurs-maladie. Les assur\u00e9s ont la possibilit\u00e9 de s\u00e9lectionner les primes selon leur montant et de calculer ainsi leur potentiel d\u2019\u00e9conomies. Il suffit d\u2019indiquer le domicile, l\u2019\u00e2ge, le mod\u00e8le d\u2019assurance, la franchise et l\u2019assureur-maladie actuel. Lorsqu\u2019une personne a trouv\u00e9 l\u2019assurance qui lui convient, elle peut demander une offre en ligne pour l\u2019assurance obligatoire des soins ou imprimer et envoyer le formulaire appropri\u00e9 \u00e0 l\u2019assureur-maladie concern\u00e9. Cela ne g\u00e9n\u00e8re aucun frais pour les assureurs-maladie.<\/p>\n<p><strong>Conseils en mati\u00e8re de primes<\/strong><br \/>\nLa documentation \u00ab Primes-Conseil \u00bb contient des informations sur l\u2019assurance-maladie, des astuces pour \u00e9conomiser sur les primes ainsi que des lettres-type. Cette documentation est \u00e9galement disponible sur Internet \u00e0 l\u2019adresse <a href=\"http:\/\/www.priminfo.ch\">www.priminfo.ch<\/a>. L\u2019OFSP met en outre \u00e0 la disposition du public des aper\u00e7us de primes sur www.priminfo.ch. Ces documents peuvent \u00e9galement \u00eatre command\u00e9s sous forme papier aupr\u00e8s de l\u2019OFSP.<\/p>\n<p><strong>Ligne t\u00e9l\u00e9phonique<\/strong><br \/>\nL\u2019OFSP a mis en place une ligne t\u00e9l\u00e9phonique pour r\u00e9pondre aux questions des assur\u00e9s :<br \/>\nallemand : 058 464 88 01 ; fran\u00e7ais : 058 464 88 02 ; italien : 058 464 88 03.<br \/>\nToutes les donn\u00e9es relatives aux primes peuvent en outre \u00eatre t\u00e9l\u00e9charg\u00e9es \u00e0 partir du portail Open Data (www.opendata.swiss).<\/p>\n<p><a href=\"https:\/\/www.admin.ch\/gov\/fr\/accueil\/documentation\/communiques.msg-id-80480.html\">admin.ch<\/a><\/p>\n<\/div>\n","protected":false},"excerpt":{"rendered":"<p>La prime moyenne de l\u2019assurance maladie obligatoire augmentera l\u2019ann\u00e9e prochaine de 0,5% par rapport \u00e0 l\u2019ann\u00e9e 2020. Selon le canton, l\u2019\u00e9volution se situe entre -1,6% et +2,1%. Il s\u2019agit d\u2019une faible hausse par rapport \u00e0 la moyenne des derni\u00e8res ann\u00e9es. Les co\u00fbts de la sant\u00e9 continuent toutefois d\u2019augmenter et des r\u00e9formes s\u2019av\u00e8rent n\u00e9cessaires pour limiter la hausse \u00e0 ce qui est m\u00e9dicalement justifiable<\/p>\n","protected":false},"author":4,"featured_media":395919,"comment_status":"open","ping_status":"open","sticky":false,"template":"","format":"standard","meta":{"footnotes":""},"categories":[18826,22521,24630,1170],"tags":[1671],"vendi":[],"content_country":[31835,31838],"class_list":["post-410046","post","type-post","status-publish","format-standard","has-post-thumbnail","hentry","category-lajme-jeta-ne-zvicer-fr","category-coronavirus-minutes-par-minutes","category-nouvelles","category-vivre-en-suisse","tag-zvicer-fr","content_country-austria-fr","content_country-germany-fr"],"acf":[],"_links":{"self":[{"href":"https:\/\/www.albinfo.at\/fr\/wp-json\/wp\/v2\/posts\/410046","targetHints":{"allow":["GET"]}}],"collection":[{"href":"https:\/\/www.albinfo.at\/fr\/wp-json\/wp\/v2\/posts"}],"about":[{"href":"https:\/\/www.albinfo.at\/fr\/wp-json\/wp\/v2\/types\/post"}],"author":[{"embeddable":true,"href":"https:\/\/www.albinfo.at\/fr\/wp-json\/wp\/v2\/users\/4"}],"replies":[{"embeddable":true,"href":"https:\/\/www.albinfo.at\/fr\/wp-json\/wp\/v2\/comments?post=410046"}],"version-history":[{"count":0,"href":"https:\/\/www.albinfo.at\/fr\/wp-json\/wp\/v2\/posts\/410046\/revisions"}],"wp:featuredmedia":[{"embeddable":true,"href":"https:\/\/www.albinfo.at\/fr\/wp-json\/wp\/v2\/media\/395919"}],"wp:attachment":[{"href":"https:\/\/www.albinfo.at\/fr\/wp-json\/wp\/v2\/media?parent=410046"}],"wp:term":[{"taxonomy":"category","embeddable":true,"href":"https:\/\/www.albinfo.at\/fr\/wp-json\/wp\/v2\/categories?post=410046"},{"taxonomy":"post_tag","embeddable":true,"href":"https:\/\/www.albinfo.at\/fr\/wp-json\/wp\/v2\/tags?post=410046"},{"taxonomy":"vendi","embeddable":true,"href":"https:\/\/www.albinfo.at\/fr\/wp-json\/wp\/v2\/vendi?post=410046"},{"taxonomy":"content_country","embeddable":true,"href":"https:\/\/www.albinfo.at\/fr\/wp-json\/wp\/v2\/content_country?post=410046"}],"curies":[{"name":"wp","href":"https:\/\/api.w.org\/{rel}","templated":true}]}}