{"id":409345,"date":"2020-09-22T18:22:29","date_gmt":"2020-09-22T16:22:29","guid":{"rendered":"https:\/\/www.albinfo.ch\/?p=409345"},"modified":"2020-09-22T20:14:30","modified_gmt":"2020-09-22T18:14:30","slug":"le-conseil-federal-veut-encore-renforcer-les-soins-palliatifs","status":"publish","type":"post","link":"https:\/\/www.albinfo.at\/fr\/le-conseil-federal-veut-encore-renforcer-les-soins-palliatifs\/","title":{"rendered":"Le Conseil f\u00e9d\u00e9ral veut encore renforcer les soins palliatifs"},"content":{"rendered":"<p><strong>Le Conseil f\u00e9d\u00e9ral veut am\u00e9liorer la prise en charge et le traitement des personnes en fin de vie. En Suisse, les offres de soins palliatifs doivent \u00eatre accessibles \u00e0 tout un chacun, ind\u00e9pendamment du diagnostic pos\u00e9 et de l\u2019endroit o\u00f9 les personnes vivent. Par ailleurs, les professionnels doivent aider les patients et leurs proches \u00e0 prendre les d\u00e9cisions qui s\u2019imposent de mani\u00e8re autonome et en toute connaissance de cause. Dans le rapport qu\u2019il a approuv\u00e9 lors de la s\u00e9ance du 18 septembre 2020, le Conseil f\u00e9-d\u00e9ral propose une s\u00e9rie de mesures.<\/strong><\/p>\n<p>Dans ce rapport, le Conseil f\u00e9d\u00e9ral parvient \u00e0 la conclusion que de nombreuses mesures ont \u00e9t\u00e9 mises en \u0153uvre avec succ\u00e8s ces derni\u00e8res ann\u00e9es. Toutefois, il constate que les offres d\u2019accompagnement et de traitement palliatifs aux niveaux m\u00e9dical, psychosocial et des soins ne sont pas encore assez ancr\u00e9es dans le syst\u00e8me de sant\u00e9. Tous les groupes de pa-tients ne peuvent pas acc\u00e9der \u00e0 ces offres de la m\u00eame mani\u00e8re.<\/p>\n<p><strong>Promouvoir les offres de soins palliatifs<\/strong><\/p>\n<p>Afin d\u2019am\u00e9liorer la prise en charge et le traitement des personnes en fin de vie, il importe donc d\u2019am\u00e9liorer les conditions-cadres. Tous les patients concern\u00e9s doivent b\u00e9n\u00e9ficier d\u2019un traitement et d\u2019un accompagnement pertinents sur le plan m\u00e9dical et ax\u00e9s sur leurs souhaits et besoins sp\u00e9cifiques. Dans cette optique, les soins palliatifs doivent \u00eatre mieux int\u00e9gr\u00e9s encore aux structures de soins existantes. Il s\u2019agit de proposer des offres mobiles, ambula-toires et stationnaires conform\u00e9ment aux besoins et dans toutes les r\u00e9gions.<\/p>\n<p>La pand\u00e9mie de COVID-19 a renforc\u00e9 le r\u00f4le essentiel des soins palliatifs. La plupart des personnes d\u00e9c\u00e9d\u00e9es avaient plus de 80 ans. Pourtant, le personnel sp\u00e9cialis\u00e9 dans les soins palliatifs a rarement \u00e9t\u00e9 impliqu\u00e9 dans les EMS. \u00c0 l\u2019avenir, les besoins des personnes en fin de vie et de leurs proches doivent davantage \u00eatre pris en compte dans la gestion d\u2019une pand\u00e9mie. En outre, les objectifs du traitement doivent \u00eatre rapidement clarifi\u00e9s et consign\u00e9s avec les patients et leurs proches, en particulier dans les EMS.<\/p>\n<p><strong>Agir ensemble pour une fin de vie de meilleure qualit\u00e9<\/strong><\/p>\n<p>La plupart des mesures d\u00e9cid\u00e9es par le Conseil f\u00e9d\u00e9ral doivent \u00eatre mises en \u0153uvre en col-laboration avec les cantons et les acteurs concern\u00e9s dans le cadre de la plate-forme natio-nale \u00ab Soins palliatifs \u00bb. Cette derni\u00e8re assure la coordination et la mise en r\u00e9seau au niveau national. Par ailleurs, le rapport susmentionn\u00e9 contient des recommandations concernant diff\u00e9rentes mesures que les cantons ou les partenaires tarifaires doivent appliquer sous leur propre responsabilit\u00e9.<\/p>\n<p>En 2018, la Commission de la s\u00e9curit\u00e9 sociale et de la sant\u00e9 publique du Conseil des \u00c9tats avait charg\u00e9 le Conseil f\u00e9d\u00e9ral (postulat 18.3384) de formuler, avec les cantons, les organi-sations et les professionnels concern\u00e9s, des recommandations sur les am\u00e9liorations \u00e0 ap-porter dans la prise en charge et le traitement des personnes en fin de vie.<\/p>\n<p><a href=\"https:\/\/www.admin.ch\/gov\/fr\/accueil\/documentation\/communiques.msg-id-80436.html\">admin.ch<\/a><\/p>\n<p>&nbsp;<\/p>\n","protected":false},"excerpt":{"rendered":"<p>Le Conseil f\u00e9d\u00e9ral veut am\u00e9liorer la prise en charge et le traitement des personnes en fin de vie. En Suisse, les offres de soins palliatifs doivent \u00eatre accessibles \u00e0 tout un chacun, ind\u00e9pendamment du diagnostic pos\u00e9 et de l\u2019endroit o\u00f9 les personnes vivent. Par ailleurs, les professionnels doivent aider les patients et leurs proches \u00e0 [&hellip;]<\/p>\n","protected":false},"author":6,"featured_media":378333,"comment_status":"open","ping_status":"open","sticky":false,"template":"","format":"standard","meta":{"footnotes":""},"categories":[1171,1170],"tags":[],"vendi":[],"content_country":[],"class_list":["post-409345","post","type-post","status-publish","format-standard","has-post-thumbnail","hentry","category-thematique","category-vivre-en-suisse"],"acf":[],"_links":{"self":[{"href":"https:\/\/www.albinfo.at\/fr\/wp-json\/wp\/v2\/posts\/409345","targetHints":{"allow":["GET"]}}],"collection":[{"href":"https:\/\/www.albinfo.at\/fr\/wp-json\/wp\/v2\/posts"}],"about":[{"href":"https:\/\/www.albinfo.at\/fr\/wp-json\/wp\/v2\/types\/post"}],"author":[{"embeddable":true,"href":"https:\/\/www.albinfo.at\/fr\/wp-json\/wp\/v2\/users\/6"}],"replies":[{"embeddable":true,"href":"https:\/\/www.albinfo.at\/fr\/wp-json\/wp\/v2\/comments?post=409345"}],"version-history":[{"count":0,"href":"https:\/\/www.albinfo.at\/fr\/wp-json\/wp\/v2\/posts\/409345\/revisions"}],"wp:featuredmedia":[{"embeddable":true,"href":"https:\/\/www.albinfo.at\/fr\/wp-json\/wp\/v2\/media\/378333"}],"wp:attachment":[{"href":"https:\/\/www.albinfo.at\/fr\/wp-json\/wp\/v2\/media?parent=409345"}],"wp:term":[{"taxonomy":"category","embeddable":true,"href":"https:\/\/www.albinfo.at\/fr\/wp-json\/wp\/v2\/categories?post=409345"},{"taxonomy":"post_tag","embeddable":true,"href":"https:\/\/www.albinfo.at\/fr\/wp-json\/wp\/v2\/tags?post=409345"},{"taxonomy":"vendi","embeddable":true,"href":"https:\/\/www.albinfo.at\/fr\/wp-json\/wp\/v2\/vendi?post=409345"},{"taxonomy":"content_country","embeddable":true,"href":"https:\/\/www.albinfo.at\/fr\/wp-json\/wp\/v2\/content_country?post=409345"}],"curies":[{"name":"wp","href":"https:\/\/api.w.org\/{rel}","templated":true}]}}