{"id":408196,"date":"2020-09-17T20:10:03","date_gmt":"2020-09-17T18:10:03","guid":{"rendered":"https:\/\/www.albinfo.ch\/?p=408196"},"modified":"2020-09-17T19:35:54","modified_gmt":"2020-09-17T17:35:54","slug":"la-suisse-et-louzbekistan-signent-un-accord-en-vue-de-la-restitution-davoirs-confisques","status":"publish","type":"post","link":"https:\/\/www.albinfo.at\/fr\/la-suisse-et-louzbekistan-signent-un-accord-en-vue-de-la-restitution-davoirs-confisques\/","title":{"rendered":"La Suisse et l\u2019Ouzb\u00e9kistan signent un accord en vue de la restitution d\u2019avoirs confisqu\u00e9s"},"content":{"rendered":"<div class=\"contentHead\"><\/div>\n<div class=\"mod mod-nsbnewsdetails\">\n<p><strong>La Suisse et l\u2019Ouzb\u00e9kistan ont sign\u00e9 un accord-cadre en vue de la restitution \u00e0 l\u2019Ouzb\u00e9kistan d\u2019avoirs confisqu\u00e9s. L\u2019accord porte d\u2019une part sur quelque 131 millions de dollars qui ont d\u00e9j\u00e0 \u00e9t\u00e9 d\u00e9finitivement confisqu\u00e9s dans le cadre de l\u2019une des proc\u00e9dures p\u00e9nales en lien avec Gulnara Karimova, la fille de l\u2019ancien pr\u00e9sident ouzbek. Il s\u2019applique d\u2019autre part aux valeurs patrimoniales qui pourraient \u00e0 l\u2019avenir \u00eatre confisqu\u00e9es d\u00e9finitivement dans le cadre des proc\u00e9dures p\u00e9nales encore en cours. L\u2019accord fixe les principes et les \u00e9tapes \u00e0 suivre pour cette restitution. Les fonds doivent b\u00e9n\u00e9ficier \u00e0 la population ouzb\u00e8ke.<\/strong><\/p>\n<p>L\u2019ambassadrice Corinne Cic\u00e9ron B\u00fchler, directrice de la Direction du droit international public, a sign\u00e9 un accord-cadre juridiquement non contraignant qui a \u00e9t\u00e9 approuv\u00e9 par le Conseil f\u00e9d\u00e9ral. Cet accord a \u00e9t\u00e9 conclu en vue de la restitution d\u2019avoirs d\u2019origine illicite confisqu\u00e9s en Suisse.<\/p>\n<p>En 2012, le Minist\u00e8re public de la Conf\u00e9d\u00e9ration a bloqu\u00e9 environ 800 millions de francs dans le cadre de proc\u00e9dures p\u00e9nales en lien avec Gulnara Karimova. Sur cette somme, quelque 131 millions de dollars ont \u00e9t\u00e9 d\u00e9finitivement confisqu\u00e9s en 2019. L\u2019accord sign\u00e9 d\u00e9finit le cadre de la restitution de ce montant \u00e0 l\u2019Ouzb\u00e9kistan. Il expose le processus pour la restitution et \u00e9nonce les principes qui la r\u00e9gissent. Parmi ces derniers figurent notamment :<\/p>\n<p>&#8211;\u00a0la transparence et l\u2019obligation de rendre des comptes dans le processus de restitution ;<br \/>\n&#8211;\u00a0l\u2019utilisation des avoirs pour am\u00e9liorer les conditions de vie de la population ouzb\u00e8ke ;<br \/>\n&#8211;\u00a0l\u2019investissement des fonds dans des projets en faveur du d\u00e9veloppement durable (en accord avec l\u2019Agenda 2030 de l\u2019ONU et la strat\u00e9gie de d\u00e9veloppement de l\u2019Ouzb\u00e9kistan) ;<br \/>\n&#8211;\u00a0l\u2019instauration d\u2019un m\u00e9canisme de contr\u00f4le (monitoring) ;<br \/>\n&#8211;\u00a0l\u2019implication potentielle d\u2019acteurs non \u00e9tatiques.<\/p>\n<p>Conform\u00e9ment \u00e0 l\u2019accord-cadre, des n\u00e9gociations seront engag\u00e9es prochainement entre la Suisse et l\u2019Ouzb\u00e9kistan en vue de la conclusion de trait\u00e9s juridiquement contraignants. Dans ce contexte, il sera \u00e9tabli que la Suisse restituera la somme totale, soit environ 131 millions de dollars. Par ailleurs, les modalit\u00e9s concr\u00e8tes de la restitution seront d\u00e9finies.<\/p>\n<p>Des avoirs d\u2019une valeur de plus de 650 millions de francs restent bloqu\u00e9s dans le cadre des proc\u00e9dures p\u00e9nales en cours en lien avec Gulnara Karimova. L\u2019accord-cadre sign\u00e9 s\u2019appliquera \u00e9galement \u00e0 la restitution de valeurs patrimoniales qui pourraient \u00e0 l\u2019avenir \u00eatre d\u00e9finitivement confisqu\u00e9es dans le cadre de ces proc\u00e9dures p\u00e9nales.<\/p>\n<p>Cet accord-cadre est conforme \u00e0 la strat\u00e9gie de la Suisse concernant le blocage, la confiscation et la restitution des avoirs de potentats (\u00ab Asset Recovery \u00bb).<\/p>\n<\/div>\n","protected":false},"excerpt":{"rendered":"<p>L\u2019accord fixe les principes et les \u00e9tapes \u00e0 suivre pour cette restitution. Les fonds doivent b\u00e9n\u00e9ficier \u00e0 la population ouzb\u00e8ke<\/p>\n","protected":false},"author":4,"featured_media":396942,"comment_status":"open","ping_status":"open","sticky":false,"template":"","format":"standard","meta":{"footnotes":""},"categories":[1171,1170],"tags":[],"vendi":[],"content_country":[],"class_list":["post-408196","post","type-post","status-publish","format-standard","has-post-thumbnail","hentry","category-thematique","category-vivre-en-suisse"],"acf":[],"_links":{"self":[{"href":"https:\/\/www.albinfo.at\/fr\/wp-json\/wp\/v2\/posts\/408196","targetHints":{"allow":["GET"]}}],"collection":[{"href":"https:\/\/www.albinfo.at\/fr\/wp-json\/wp\/v2\/posts"}],"about":[{"href":"https:\/\/www.albinfo.at\/fr\/wp-json\/wp\/v2\/types\/post"}],"author":[{"embeddable":true,"href":"https:\/\/www.albinfo.at\/fr\/wp-json\/wp\/v2\/users\/4"}],"replies":[{"embeddable":true,"href":"https:\/\/www.albinfo.at\/fr\/wp-json\/wp\/v2\/comments?post=408196"}],"version-history":[{"count":0,"href":"https:\/\/www.albinfo.at\/fr\/wp-json\/wp\/v2\/posts\/408196\/revisions"}],"wp:featuredmedia":[{"embeddable":true,"href":"https:\/\/www.albinfo.at\/fr\/wp-json\/wp\/v2\/media\/396942"}],"wp:attachment":[{"href":"https:\/\/www.albinfo.at\/fr\/wp-json\/wp\/v2\/media?parent=408196"}],"wp:term":[{"taxonomy":"category","embeddable":true,"href":"https:\/\/www.albinfo.at\/fr\/wp-json\/wp\/v2\/categories?post=408196"},{"taxonomy":"post_tag","embeddable":true,"href":"https:\/\/www.albinfo.at\/fr\/wp-json\/wp\/v2\/tags?post=408196"},{"taxonomy":"vendi","embeddable":true,"href":"https:\/\/www.albinfo.at\/fr\/wp-json\/wp\/v2\/vendi?post=408196"},{"taxonomy":"content_country","embeddable":true,"href":"https:\/\/www.albinfo.at\/fr\/wp-json\/wp\/v2\/content_country?post=408196"}],"curies":[{"name":"wp","href":"https:\/\/api.w.org\/{rel}","templated":true}]}}