{"id":408184,"date":"2020-09-17T19:30:13","date_gmt":"2020-09-17T17:30:13","guid":{"rendered":"https:\/\/www.albinfo.ch\/?p=408184"},"modified":"2020-09-17T19:30:13","modified_gmt":"2020-09-17T17:30:13","slug":"asile-statistiques-du-mois-daout-2020","status":"publish","type":"post","link":"https:\/\/www.albinfo.at\/fr\/asile-statistiques-du-mois-daout-2020\/","title":{"rendered":"Asile: statistiques du mois d\u2019ao\u00fbt 2020"},"content":{"rendered":"<p>Pendant le mois d\u2019ao\u00fbt 2020, le Secr\u00e9tariat d\u2019\u00c9tat aux migrations (SEM) a trait\u00e9 1247\u00a0demandes d\u2019asile en premi\u00e8re instance. Parmi elles, 220 ont abouti \u00e0 une d\u00e9cision de non-entr\u00e9e en mati\u00e8re (dont 182 sur la base de l\u2019accord de Dublin), 422 \u00e0 l\u2019octroi de l\u2019asile et 336 \u00e0 l\u2019admission provisoire. Le nombre de cas en suspens en premi\u00e8re instance s\u2019\u00e9l\u00e8ve \u00e0 4604\u00a0; il est en baisse de 195 unit\u00e9s par rapport au mois pr\u00e9c\u00e9dent.<\/p>\n<p>En ao\u00fbt toujours, 322 personnes ont quitt\u00e9 la Suisse sous le contr\u00f4le des autorit\u00e9s ou ont \u00e9t\u00e9 rapatri\u00e9es. La Suisse a demand\u00e9 la prise en charge de 360 requ\u00e9rants \u00e0 d\u2019autres \u00c9tats Dublin, et 107 ont \u00e9t\u00e9 transf\u00e9r\u00e9s dans l\u2019\u00c9tat comp\u00e9tent pour traiter leur demande d\u2019asile. La Suisse a, quant \u00e0 elle, re\u00e7u 292 demandes de prise en charge \u00e9manant d\u2019autres \u00c9tats Dublin, et 49 personnes ont \u00e9t\u00e9 transf\u00e9r\u00e9es dans notre pays.<\/p>\n<p>Les principaux pays de provenance des requ\u00e9rants d\u2019asile dont les demandes ont \u00e9t\u00e9 enregistr\u00e9es au mois d\u2019ao\u00fbt sont l\u2019Afghanistan (177\u00a0demandes\u00a0; +7 en comparaison avec le mois de juillet), l\u2019\u00c9rythr\u00e9e (162 demandes\u00a0; -3), la Turquie (151\u00a0demandes\u00a0; +51), la Syrie (74 demandes\u00a0; -15) et l\u2019Alg\u00e9rie (72 demandes\u00a0; -43).<\/p>\n<h3><strong>Programme de r\u00e9installation<\/strong><\/h3>\n<p>Le 29 mai 2019, le Conseil f\u00e9d\u00e9ral a approuv\u00e9 un plan de mise en \u0153uvre du programme de r\u00e9installation, pr\u00e9voyant l\u2019accueil d\u2019un maximum de 1600\u00a0r\u00e9fugi\u00e9s particuli\u00e8rement vuln\u00e9rables pour la p\u00e9riode 2020\/2021. Suspendues en raison de la crise du COVID-19, les entr\u00e9es relevant de ce contingent ont pu reprendre au mois d\u2019ao\u00fbt\u00a0; quatre groupes comprenant au total de 113 personnes sont arriv\u00e9s dans notre pays.<\/p>\n<p>Par ailleurs, le 27 ao\u00fbt 2020, la Suisse a accueilli 8 requ\u00e9rants mineurs non accompagn\u00e9s, \u00e9vacu\u00e9s de camps d\u2019internement en Libye par le Haut Commissariat des Nations Unies pour les R\u00e9fugi\u00e9s (HCR).<\/p>\n","protected":false},"excerpt":{"rendered":"<p>Au mois d\u2019ao\u00fbt 2020, la Suisse a enregistr\u00e9 975 demandes d\u2019asile, soit 80 de moins qu\u2019au mois pr\u00e9c\u00e9dent. Le nombre de demandes est en baisse de 17,5\u00a0% (-207 demandes) par rapport \u00e0 ao\u00fbt 2019<\/p>\n","protected":false},"author":4,"featured_media":352683,"comment_status":"open","ping_status":"open","sticky":false,"template":"","format":"standard","meta":{"footnotes":""},"categories":[1171,1170],"tags":[],"vendi":[],"content_country":[],"class_list":["post-408184","post","type-post","status-publish","format-standard","has-post-thumbnail","hentry","category-thematique","category-vivre-en-suisse"],"acf":[],"_links":{"self":[{"href":"https:\/\/www.albinfo.at\/fr\/wp-json\/wp\/v2\/posts\/408184","targetHints":{"allow":["GET"]}}],"collection":[{"href":"https:\/\/www.albinfo.at\/fr\/wp-json\/wp\/v2\/posts"}],"about":[{"href":"https:\/\/www.albinfo.at\/fr\/wp-json\/wp\/v2\/types\/post"}],"author":[{"embeddable":true,"href":"https:\/\/www.albinfo.at\/fr\/wp-json\/wp\/v2\/users\/4"}],"replies":[{"embeddable":true,"href":"https:\/\/www.albinfo.at\/fr\/wp-json\/wp\/v2\/comments?post=408184"}],"version-history":[{"count":0,"href":"https:\/\/www.albinfo.at\/fr\/wp-json\/wp\/v2\/posts\/408184\/revisions"}],"wp:featuredmedia":[{"embeddable":true,"href":"https:\/\/www.albinfo.at\/fr\/wp-json\/wp\/v2\/media\/352683"}],"wp:attachment":[{"href":"https:\/\/www.albinfo.at\/fr\/wp-json\/wp\/v2\/media?parent=408184"}],"wp:term":[{"taxonomy":"category","embeddable":true,"href":"https:\/\/www.albinfo.at\/fr\/wp-json\/wp\/v2\/categories?post=408184"},{"taxonomy":"post_tag","embeddable":true,"href":"https:\/\/www.albinfo.at\/fr\/wp-json\/wp\/v2\/tags?post=408184"},{"taxonomy":"vendi","embeddable":true,"href":"https:\/\/www.albinfo.at\/fr\/wp-json\/wp\/v2\/vendi?post=408184"},{"taxonomy":"content_country","embeddable":true,"href":"https:\/\/www.albinfo.at\/fr\/wp-json\/wp\/v2\/content_country?post=408184"}],"curies":[{"name":"wp","href":"https:\/\/api.w.org\/{rel}","templated":true}]}}