{"id":407301,"date":"2020-09-14T16:20:45","date_gmt":"2020-09-14T14:20:45","guid":{"rendered":"https:\/\/www.albinfo.ch\/?p=407301"},"modified":"2020-09-14T15:40:55","modified_gmt":"2020-09-14T13:40:55","slug":"aide-humanitaire-la-suisse-fait-don-de-presque-3-millions-de-masques-au-hcr","status":"publish","type":"post","link":"https:\/\/www.albinfo.at\/fr\/aide-humanitaire-la-suisse-fait-don-de-presque-3-millions-de-masques-au-hcr\/","title":{"rendered":"Aide humanitaire: la Suisse fait don de presque 3 millions de masques au HCR"},"content":{"rendered":"<div class=\"contentHead\"><\/div>\n<div class=\"mod mod-nsbnewsdetails\">\n<p><strong>La pand\u00e9mie mondiale constitue non seulement une menace pour les populations, mais \u00e9galement une entrave majeure \u00e0 l\u2019action humanitaire. Sans un \u00e9quipement de protection ad\u00e9quat, les travailleurs humanitaires ne sont pas en mesure d\u2019apporter une assistance sur place. Pour r\u00e9soudre ce probl\u00e8me et prot\u00e9ger dans le m\u00eame temps les personnes qui sont en premi\u00e8re ligne, l\u2019Aide humanitaire de la Suisse a fait don de presque trois millions de masques. Le mat\u00e9riel a \u00e9t\u00e9 remis le mardi 8 septembre 2020 au Haut-Commissariat des Nations Unies pour les r\u00e9fugi\u00e9s (HCR).<\/strong><\/p>\n<p>En Suisse, il est obligatoire depuis quelques semaines de porter un masque dans les transports publics. Le port du masque est \u00e9galement un \u00e9l\u00e9ment du dispositif de protection adopt\u00e9 par certaines institutions, \u00e9coles et entreprises publiques. L\u2019approvisionnement en masques est assur\u00e9 en Suisse, mais ce n\u2019est pas le cas partout. Dans certains pays africains notamment, les \u00e9quipements de protection sont une denr\u00e9e rare et l\u2019acc\u00e8s \u00e0 l\u2019hygi\u00e8ne est limit\u00e9. Or, c\u2019est pr\u00e9cis\u00e9ment dans ces r\u00e9gions en proie \u00e0 une crise humanitaire que la fourniture d\u2019une aide simple et rapide s\u2019av\u00e8re vitale. \u00abL\u2019aide humanitaire est confront\u00e9e \u00e0 de multiples d\u00e9fis. Ce sont g\u00e9n\u00e9ralement des \u00e9changes de tirs incessants ou des routes impraticables qui rendent l\u2019acheminement de l\u2019aide difficile. Mais avec la pand\u00e9mie de COVID-19, il y a en plus le risque de contamination\u00bb, explique Manuel Bessler, d\u00e9l\u00e9gu\u00e9 \u00e0 l\u2019aide humanitaire de la Suisse.<\/p>\n<p><b>La Suisse fait don de presque 3 millions de masques<\/b><br \/>\nLa p\u00e9nurie de masques, de gants, de combinaisons et d\u2019autres \u00e9quipements de protection individuelle contraint un grand nombre d\u2019organisations \u00e0 limiter voire suspendre totalement leurs activit\u00e9s sur place en faveur des populations dans le besoin, notamment dans les camps de r\u00e9fugi\u00e9s. Ce probl\u00e8me touche \u00e9galement le Haut-Commissariat des Nations Unies pour les r\u00e9fugi\u00e9s (HCR), qui intervient dans les pays o\u00f9 les syst\u00e8mes de sant\u00e9 sont grandement fragilis\u00e9s par les conditions actuelles.<\/p>\n<p>Pour que l\u2019aide humanitaire puisse \u00eatre apport\u00e9e sur place en ces temps difficiles, la Suisse a d\u00e9cid\u00e9, en r\u00e9ponse \u00e0 l\u2019appel du HCR, de faire don de presque 3 millions de masques, pour un montant total de 1,5 million de francs. La conduite de l\u2019op\u00e9ration a \u00e9t\u00e9 confi\u00e9e \u00e0 l\u2019Aide humanitaire de la Direction du d\u00e9veloppement et de la coop\u00e9ration (DDC). Le mat\u00e9riel a \u00e9t\u00e9 remis au HCR le 08 septembre 2020 \u00e0 Pratteln et une premi\u00e8re cargaison a quitt\u00e9 la Suisse pour la R\u00e9publique d\u00e9mocratique du Congo. D\u2019autres livraisons sont pr\u00e9vues pour le Soudan et le Soudan du Sud. Ces masques sont destin\u00e9s aux travailleurs humanitaires ainsi qu\u2019au personnel soignant de ces trois pays.<\/p>\n<p><b>Le don de masques ne se fait pas au d\u00e9triment des besoins de la population suisse<\/b><br \/>\nLes besoins humanitaires au Soudan du Sud \u00e9taient d\u00e9j\u00e0 tr\u00e8s importants avant m\u00eame le d\u00e9but de la crise li\u00e9e au nouveau coronavirus. Les violences ont provoqu\u00e9 dans ce pays l\u2019exil de plus d\u2019un million de personnes et le syst\u00e8me de sant\u00e9 y est fragile. La pand\u00e9mie mondiale constitue une menace suppl\u00e9mentaire pour des millions de personnes. Ce don de masques permet aux membres du personnel soignant et du personnel humanitaire qui sont en premi\u00e8re ligne d\u2019accomplir leur mission et d\u2019apporter une aide d\u2019urgence malgr\u00e9 la pand\u00e9mie.<\/p>\n<p>La livraison des masques au HCR a fait l\u2019objet au pr\u00e9alable d\u2019une concertation entre l\u2019Aide humanitaire de la DDC, la Pharmacie de l\u2019arm\u00e9e, l\u2019Office f\u00e9d\u00e9ral de la sant\u00e9 publique (OFSP) et l\u2019Office f\u00e9d\u00e9ral de l\u2019approvisionnement \u00e9conomique (OFAE). Les masques livr\u00e9s n\u2019entrent pas en concurrence avec les besoins propres de la Suisse et ne proviennent pas des anciens stocks qui ont d\u00fb \u00eatre rappel\u00e9s en Juillet 2020.<\/p>\n<\/div>\n","protected":false},"excerpt":{"rendered":"<p>Sans un \u00e9quipement de protection ad\u00e9quat, les travailleurs humanitaires ne sont pas en mesure d\u2019apporter une assistance sur place. Pour r\u00e9soudre ce probl\u00e8me et prot\u00e9ger dans le m\u00eame temps les personnes qui sont en premi\u00e8re ligne, l\u2019Aide humanitaire de la Suisse a fait don de presque trois millions de masques<\/p>\n","protected":false},"author":4,"featured_media":392633,"comment_status":"open","ping_status":"open","sticky":false,"template":"","format":"standard","meta":{"footnotes":""},"categories":[1171,1170],"tags":[],"vendi":[],"content_country":[],"class_list":["post-407301","post","type-post","status-publish","format-standard","has-post-thumbnail","hentry","category-thematique","category-vivre-en-suisse"],"acf":[],"_links":{"self":[{"href":"https:\/\/www.albinfo.at\/fr\/wp-json\/wp\/v2\/posts\/407301","targetHints":{"allow":["GET"]}}],"collection":[{"href":"https:\/\/www.albinfo.at\/fr\/wp-json\/wp\/v2\/posts"}],"about":[{"href":"https:\/\/www.albinfo.at\/fr\/wp-json\/wp\/v2\/types\/post"}],"author":[{"embeddable":true,"href":"https:\/\/www.albinfo.at\/fr\/wp-json\/wp\/v2\/users\/4"}],"replies":[{"embeddable":true,"href":"https:\/\/www.albinfo.at\/fr\/wp-json\/wp\/v2\/comments?post=407301"}],"version-history":[{"count":0,"href":"https:\/\/www.albinfo.at\/fr\/wp-json\/wp\/v2\/posts\/407301\/revisions"}],"wp:featuredmedia":[{"embeddable":true,"href":"https:\/\/www.albinfo.at\/fr\/wp-json\/wp\/v2\/media\/392633"}],"wp:attachment":[{"href":"https:\/\/www.albinfo.at\/fr\/wp-json\/wp\/v2\/media?parent=407301"}],"wp:term":[{"taxonomy":"category","embeddable":true,"href":"https:\/\/www.albinfo.at\/fr\/wp-json\/wp\/v2\/categories?post=407301"},{"taxonomy":"post_tag","embeddable":true,"href":"https:\/\/www.albinfo.at\/fr\/wp-json\/wp\/v2\/tags?post=407301"},{"taxonomy":"vendi","embeddable":true,"href":"https:\/\/www.albinfo.at\/fr\/wp-json\/wp\/v2\/vendi?post=407301"},{"taxonomy":"content_country","embeddable":true,"href":"https:\/\/www.albinfo.at\/fr\/wp-json\/wp\/v2\/content_country?post=407301"}],"curies":[{"name":"wp","href":"https:\/\/api.w.org\/{rel}","templated":true}]}}