{"id":405836,"date":"2020-09-08T23:40:13","date_gmt":"2020-09-08T21:40:13","guid":{"rendered":"https:\/\/www.albinfo.ch\/?p=405836"},"modified":"2020-09-08T23:40:13","modified_gmt":"2020-09-08T21:40:13","slug":"dialogue-financier-entre-la-suisse-et-le-royaume-uni","status":"publish","type":"post","link":"https:\/\/www.albinfo.at\/fr\/dialogue-financier-entre-la-suisse-et-le-royaume-uni\/","title":{"rendered":"Dialogue financier entre la Suisse et le Royaume-Uni"},"content":{"rendered":"<p><strong>Le quatri\u00e8me dialogue financier entre la Suisse et le Royaume-Uni s\u2019est tenu le 8 septembre 2020 \u00e0 Berne. Les discussions entre repr\u00e9sentants de haut rang des autorit\u00e9s comp\u00e9tentes ont notamment port\u00e9 sur la d\u00e9claration commune (joint statement), sign\u00e9e par les ministres des finances des deux \u00c9tats en juin 2020 et qui vise \u00e0 approfondir la collaboration bilat\u00e9rale en mati\u00e8re de services financiers. Les d\u00e9l\u00e9gations se sont \u00e9galement entretenues de th\u00e8mes d\u2019int\u00e9r\u00eat commun.<\/strong><\/p>\n<p>Du c\u00f4t\u00e9 de la Suisse, la d\u00e9l\u00e9gation \u00e9tait conduite par Stefan Fl\u00fcckiger, sous-secr\u00e9taire d\u2019\u00c9tat aux questions financi\u00e8res internationales (SFI), et du c\u00f4t\u00e9 du Royaume-Uni, par Katharine Braddick, Director General (Financial Services) of Her Majesty\u2019s Treasury. Les repr\u00e9sentants des deux parties ont pris note des progr\u00e8s accomplis sur le plan technique depuis la signature de la d\u00e9claration commune. Ils sont convenus que les travaux devraient se poursuivre et que les prochaines \u00e9tapes de la collaboration seraient fix\u00e9es lors d\u2019une r\u00e9union d\u2019ici \u00e0 fin 2020. D\u2019autres sujets, tels que la finance durable, la reconnaissance mutuelle des bourses ou la collaboration dans les organes multilat\u00e9raux, ont aussi \u00e9t\u00e9 abord\u00e9s lors de ce dialogue.<\/p>\n<p>Depuis 2016, la Suisse m\u00e8ne une strat\u00e9gie \u00ab Mind the gap \u00bb vis-\u00e0-vis du Royaume-Uni. Celle-ci a pour objectif de maintenir, voire d\u2019\u00e9tendre l\u00e0 o\u00f9 cela est possible et opportun, les droits et obligations r\u00e9ciproques qui lient les deux \u00c9tats, lorsque la p\u00e9riode de transition entre le Royaume-Uni et l\u2019Union europ\u00e9enne aura pris fin.<\/p>\n","protected":false},"excerpt":{"rendered":"<p>Le quatri\u00e8me dialogue financier entre la Suisse et le Royaume-Uni s\u2019est tenu le 8 septembre 2020 \u00e0 Berne. Les discussions entre repr\u00e9sentants de haut rang des autorit\u00e9s comp\u00e9tentes ont notamment port\u00e9 sur la d\u00e9claration commune (joint statement), sign\u00e9e par les ministres des finances des deux \u00c9tats en juin 2020 et qui vise \u00e0 approfondir la [&hellip;]<\/p>\n","protected":false},"author":4,"featured_media":405508,"comment_status":"open","ping_status":"open","sticky":false,"template":"","format":"standard","meta":{"footnotes":""},"categories":[1171,1170],"tags":[],"vendi":[],"content_country":[],"class_list":["post-405836","post","type-post","status-publish","format-standard","has-post-thumbnail","hentry","category-thematique","category-vivre-en-suisse"],"acf":[],"_links":{"self":[{"href":"https:\/\/www.albinfo.at\/fr\/wp-json\/wp\/v2\/posts\/405836","targetHints":{"allow":["GET"]}}],"collection":[{"href":"https:\/\/www.albinfo.at\/fr\/wp-json\/wp\/v2\/posts"}],"about":[{"href":"https:\/\/www.albinfo.at\/fr\/wp-json\/wp\/v2\/types\/post"}],"author":[{"embeddable":true,"href":"https:\/\/www.albinfo.at\/fr\/wp-json\/wp\/v2\/users\/4"}],"replies":[{"embeddable":true,"href":"https:\/\/www.albinfo.at\/fr\/wp-json\/wp\/v2\/comments?post=405836"}],"version-history":[{"count":0,"href":"https:\/\/www.albinfo.at\/fr\/wp-json\/wp\/v2\/posts\/405836\/revisions"}],"wp:featuredmedia":[{"embeddable":true,"href":"https:\/\/www.albinfo.at\/fr\/wp-json\/wp\/v2\/media\/405508"}],"wp:attachment":[{"href":"https:\/\/www.albinfo.at\/fr\/wp-json\/wp\/v2\/media?parent=405836"}],"wp:term":[{"taxonomy":"category","embeddable":true,"href":"https:\/\/www.albinfo.at\/fr\/wp-json\/wp\/v2\/categories?post=405836"},{"taxonomy":"post_tag","embeddable":true,"href":"https:\/\/www.albinfo.at\/fr\/wp-json\/wp\/v2\/tags?post=405836"},{"taxonomy":"vendi","embeddable":true,"href":"https:\/\/www.albinfo.at\/fr\/wp-json\/wp\/v2\/vendi?post=405836"},{"taxonomy":"content_country","embeddable":true,"href":"https:\/\/www.albinfo.at\/fr\/wp-json\/wp\/v2\/content_country?post=405836"}],"curies":[{"name":"wp","href":"https:\/\/api.w.org\/{rel}","templated":true}]}}