{"id":405374,"date":"2020-09-07T12:50:04","date_gmt":"2020-09-07T10:50:04","guid":{"rendered":"https:\/\/www.albinfo.ch\/?p=405374"},"modified":"2020-09-07T12:29:45","modified_gmt":"2020-09-07T10:29:45","slug":"changements-climatiques-le-conseil-federal-adopte-le-rapport-sur-les-emissions-de-co2-negatives","status":"publish","type":"post","link":"https:\/\/www.albinfo.at\/fr\/changements-climatiques-le-conseil-federal-adopte-le-rapport-sur-les-emissions-de-co2-negatives\/","title":{"rendered":"Changements climatiques : le Conseil f\u00e9d\u00e9ral adopte le rapport sur les \u00e9missions de CO2 n\u00e9gatives"},"content":{"rendered":"<div class=\"contentHead\">\n<p><strong>Lors de sa s\u00e9ance du 2 septembre 2020, le Conseil f\u00e9d\u00e9ral a adopt\u00e9 un rapport sur l\u2019importance des \u00e9missions n\u00e9gatives de CO2 pour la future politique climatique de la Suisse. L\u2019extraction durable de CO2 de l\u2019atmosph\u00e8re (\u00e9missions n\u00e9gatives) n\u00e9cessite des technologies sp\u00e9ciales, qui ne sont pas encore toutes suffisamment \u00e9prouv\u00e9es pour \u00eatre utilis\u00e9es. Le rapport conclut que les objectifs climatiques \u00e0 long terme ne pourront \u00eatre atteints qu\u2019au moyen d\u2019\u00e9missions n\u00e9gatives. Il en ressort que la Conf\u00e9d\u00e9ration doit cr\u00e9er d\u00e8s \u00e0 pr\u00e9sent les conditions-cadres permettant de d\u00e9velopper ces technologies dans le but d\u2019extraire le CO2 de l\u2019atmosph\u00e8re et de le stocker durablement. Gr\u00e2ce \u00e0 ses capacit\u00e9s de recherche et d\u2019innovation, la Suisse est bien plac\u00e9e pour jouer un r\u00f4le important dans le d\u00e9veloppement de ces technologies.<\/strong><\/p>\n<\/div>\n<div class=\"mod mod-nsbnewsdetails\">\n<p>Le rapport r\u00e9dig\u00e9 en r\u00e9ponse au postulat\u00a018.4211, d\u00e9pos\u00e9 par la conseill\u00e8re aux \u00c9tats Ad\u00e8le\u00a0Thorens Goumaz (Groupe des Verts, canton de Vaud), fournit un aper\u00e7u de l\u2019ensemble des proc\u00e9d\u00e9s biologiques et techniques connus \u00e0 ce jour permettant d\u2019extraire et de stocker durablement le CO2 pr\u00e9sent dans l\u2019atmosph\u00e8re (technologies d\u2019\u00e9mission n\u00e9gative, NET). Il pr\u00e9sente l\u2019\u00e9tat actuel des connaissances sur le potentiel offert par ces proc\u00e9d\u00e9s pour la politique climatique de la Suisse et esquisse les possibilit\u00e9s d\u2019action permettant d\u2019atteindre l\u2019objectif de neutralit\u00e9 climatique d\u2019ici \u00e0 2050. Dans quelles mesures les r\u00e9sultats de ce rapport pourront \u00eatre int\u00e9gr\u00e9s dans la strat\u00e9gie climatique \u00e0 long terme du Conseil f\u00e9d\u00e9ral doit \u00eatre examin\u00e9.<\/p>\n<p><b>Les \u00e9missions n\u00e9gatives sont indispensables pour atteindre les objectifs climatiques<\/b><\/p>\n<p>En 2018, le Groupe d\u2019experts intergouvernemental sur l\u2019\u00e9volution du climat a montr\u00e9 qu\u2019un r\u00e9chauffement mondial de 1,5\u00a0\u00b0C suffisait d\u00e9j\u00e0 pour entra\u00eener de graves cons\u00e9quences sur les \u00e9cosyst\u00e8mes. Pour contenir le r\u00e9chauffement de la plan\u00e8te \u00e0 1,5\u00a0\u00b0C, les \u00e9missions mondiales de CO2 doivent \u00eatre ramen\u00e9es \u00e0 z\u00e9ro net d\u2019ici \u00e0 2050. Le Conseil f\u00e9d\u00e9ral a donc d\u00e9cid\u00e9 fin ao\u00fbt\u00a02019 de renforcer ses objectifs climatiques \u00e0 long terme\u00a0: d\u2019ici \u00e0 2050, la Suisse ne devra plus \u00e9mettre davantage de gaz \u00e0 effet de serre que ce que les puits de carbone naturels et techniques sont capables d\u2019absorber et de stocker. Cet objectif peut et doit \u00eatre atteint en priorit\u00e9 en renon\u00e7ant aux agents \u00e9nerg\u00e9tiques fossiles (en particulier le mazout, le gaz, l\u2019essence et le diesel). Selon l\u2019\u00e9tat actuel des connaissances, certaines \u00e9missions demeureront in\u00e9vitables d\u2019ici \u00e0 2050, notamment dans le domaine de l\u2019agriculture et pour certains processus industriels. Ces \u00e9missions ne pourront \u00eatre compens\u00e9es que par le biais d\u2019\u00e9missions n\u00e9gatives.<\/p>\n<p><b>Les conditions-cadres pour les technologies d\u2019\u00e9missions n\u00e9gatives doivent \u00eatre cr\u00e9\u00e9es sans tarder<\/b><\/p>\n<p>Si diff\u00e9rentes approches NET ont d\u00e9j\u00e0 \u00e9t\u00e9 \u00e9prouv\u00e9es dans un cadre restreint, elles ne sont pas encore utilisables \u00e0 une \u00e9chelle suffisamment grande pour avoir un effet sur le climat. Comme presque tous les autres \u00c9tats, la Suisse commence \u00e0 peine \u00e0 comprendre l\u2019importance des NET. La n\u00e9cessit\u00e9 de cr\u00e9er les conditions-cadres en mati\u00e8re de recherche et de d\u00e9veloppement des NET d\u00e9coule de l\u2019Accord de Paris et de l\u2019objectif de z\u00e9ro \u00e9mission nette du Conseil f\u00e9d\u00e9ral.<\/p>\n<p>Une meilleure compr\u00e9hension de l\u2019effet et du potentiel des NET s\u2019impose \u00e0 tous les \u00e9chelons, tant dans la politique et l\u2019administration que dans la recherche, l\u2019\u00e9conomie et la soci\u00e9t\u00e9. Selon le rapport, les approches NET les plus prometteuses doivent \u00eatre \u00e9tudi\u00e9es et d\u00e9velopp\u00e9es en parall\u00e8le afin d\u2019augmenter les chances d\u2019une utilisation r\u00e9ussie et durable. Au sein de l\u2019administration f\u00e9d\u00e9rale, les \u00e9changes et l\u2019\u00e9laboration des conditions-cadres n\u00e9cessaires sont coordonn\u00e9s par l\u2019Office f\u00e9d\u00e9ral de l\u2019environnement OFEV. Compte tenu de ses capacit\u00e9s de recherche et d\u2019innovation, la Suisse est bien plac\u00e9e pour jouer un r\u00f4le important dans le d\u00e9veloppement et l\u2019utilisation des NET dans le monde.<\/p>\n<p>Au plan international, la Conf\u00e9d\u00e9ration doit examiner comment la collaboration en mati\u00e8re de recherche et d\u2019innovation dans le domaine des NET peut \u00eatre soutenue. Les discussions doivent \u00eatre poursuivies dans le cadre des conventions internationales, telles que l\u2019Accord de Paris ou le Programme des Nations Unies pour l\u2019environnement, dans le but d\u2019accro\u00eetre les connaissances sur les NET et d\u2019\u00e9laborer une r\u00e9glementation internationale en la mati\u00e8re.<\/p>\n<\/div>\n","protected":false},"excerpt":{"rendered":"<p>Lors de sa s\u00e9ance du 2 septembre 2020, le Conseil f\u00e9d\u00e9ral a adopt\u00e9 un rapport sur l\u2019importance des \u00e9missions n\u00e9gatives de CO2 pour la future politique climatique de la Suisse. L\u2019extraction durable de CO2 de l\u2019atmosph\u00e8re (\u00e9missions n\u00e9gatives) n\u00e9cessite des technologies sp\u00e9ciales, qui ne sont pas encore toutes suffisamment \u00e9prouv\u00e9es pour \u00eatre utilis\u00e9es. Le rapport [&hellip;]<\/p>\n","protected":false},"author":4,"featured_media":324015,"comment_status":"open","ping_status":"open","sticky":false,"template":"","format":"standard","meta":{"footnotes":""},"categories":[1171,1170],"tags":[],"vendi":[],"content_country":[],"class_list":["post-405374","post","type-post","status-publish","format-standard","has-post-thumbnail","hentry","category-thematique","category-vivre-en-suisse"],"acf":[],"_links":{"self":[{"href":"https:\/\/www.albinfo.at\/fr\/wp-json\/wp\/v2\/posts\/405374","targetHints":{"allow":["GET"]}}],"collection":[{"href":"https:\/\/www.albinfo.at\/fr\/wp-json\/wp\/v2\/posts"}],"about":[{"href":"https:\/\/www.albinfo.at\/fr\/wp-json\/wp\/v2\/types\/post"}],"author":[{"embeddable":true,"href":"https:\/\/www.albinfo.at\/fr\/wp-json\/wp\/v2\/users\/4"}],"replies":[{"embeddable":true,"href":"https:\/\/www.albinfo.at\/fr\/wp-json\/wp\/v2\/comments?post=405374"}],"version-history":[{"count":0,"href":"https:\/\/www.albinfo.at\/fr\/wp-json\/wp\/v2\/posts\/405374\/revisions"}],"wp:featuredmedia":[{"embeddable":true,"href":"https:\/\/www.albinfo.at\/fr\/wp-json\/wp\/v2\/media\/324015"}],"wp:attachment":[{"href":"https:\/\/www.albinfo.at\/fr\/wp-json\/wp\/v2\/media?parent=405374"}],"wp:term":[{"taxonomy":"category","embeddable":true,"href":"https:\/\/www.albinfo.at\/fr\/wp-json\/wp\/v2\/categories?post=405374"},{"taxonomy":"post_tag","embeddable":true,"href":"https:\/\/www.albinfo.at\/fr\/wp-json\/wp\/v2\/tags?post=405374"},{"taxonomy":"vendi","embeddable":true,"href":"https:\/\/www.albinfo.at\/fr\/wp-json\/wp\/v2\/vendi?post=405374"},{"taxonomy":"content_country","embeddable":true,"href":"https:\/\/www.albinfo.at\/fr\/wp-json\/wp\/v2\/content_country?post=405374"}],"curies":[{"name":"wp","href":"https:\/\/api.w.org\/{rel}","templated":true}]}}