{"id":405361,"date":"2020-09-07T11:59:07","date_gmt":"2020-09-07T09:59:07","guid":{"rendered":"https:\/\/www.albinfo.ch\/?p=405361"},"modified":"2020-09-07T11:59:07","modified_gmt":"2020-09-07T09:59:07","slug":"les-grandes-manifestations-a-nouveau-possibles-a-de-strictes-conditions","status":"publish","type":"post","link":"https:\/\/www.albinfo.at\/fr\/les-grandes-manifestations-a-nouveau-possibles-a-de-strictes-conditions\/","title":{"rendered":"les grandes manifestations \u00e0 nouveau possibles \u00e0 de strictes conditions"},"content":{"rendered":"<div class=\"contentHead\"><\/div>\n<div class=\"mod mod-nsbnewsdetails\">\n<p><strong>D\u00e8s le 1er octobre 2020, les grandes manifestations pourront \u00e0 nouveau avoir lieu, sous r\u00e9serve d\u2019une autorisation cantonale. Apr\u00e8s avoir consult\u00e9 les cantons et les associations, le Conseil f\u00e9d\u00e9ral a fix\u00e9 lors de sa s\u00e9ance du 2 septembre 2020 les conditions pour l\u2019octroi des autorisations. Chaque manifestation de plus de 1 000 personnes devra disposer d\u2019un plan de protection et se conformer \u00e0 des consignes strictes. Ainsi, il sera obligatoire d\u2019\u00eatre assis, sauf pour de rares exceptions, et les flux de personnes devront \u00eatre clairement dirig\u00e9s. De plus, le masque sera obligatoire lors des matchs des ligues nationales de hockey et de football, o\u00f9 le nombre de spectateurs sera limit\u00e9. Les cantons pourront retirer leur autorisation si la situation \u00e9pid\u00e9miologique se d\u00e9grade.<\/strong><\/p>\n<p>L&#8217;interdiction des manifestations de plus de 1\u00a0000\u00a0personnes figurait parmi les principales mesures visant \u00e0 prot\u00e9ger la population du nouveau coronavirus. Le Conseil f\u00e9d\u00e9ral l&#8217;avait d\u00e9cid\u00e9e le 28\u00a0f\u00e9vrier 2020 et l&#8217;a prolong\u00e9e \u00e0 plusieurs reprises. Gr\u00e2ce \u00e0 cette mesure et \u00e0 d&#8217;autres, le nombre de nouvelles infections a pu \u00eatre fortement r\u00e9duit.<\/p>\n<p>L&#8217;am\u00e9lioration de la situation \u00e9pid\u00e9miologique a conduit le Conseil f\u00e9d\u00e9ral \u00e0 assouplir progressivement les mesures d\u00e8s le 27\u00a0avril 2020. Depuis le 6\u00a0juin 2020, les manifestations r\u00e9unissant jusqu&#8217;\u00e0 300\u00a0personnes sont \u00e0 nouveau autoris\u00e9es\u00a0; jusqu&#8217;\u00e0 1\u00a0000\u00a0personnes peuvent participer \u00e0 un \u00e9v\u00e8nement depuis le 22\u00a0juin.<\/p>\n<p>L&#8217;interdiction des manifestations de grande envergure, rassemblant plus de 1\u00a0000\u00a0visiteurs ou personnes impliqu\u00e9es, sera \u00e0 son tour prudemment lev\u00e9e le 1er\u00a0octobre 2020, sous respect de conditions strictes. Les manifestations sportives et culturelles, les congr\u00e8s et tous les autres \u00e9v\u00e8nements en int\u00e9rieur ou en ext\u00e9rieur devront disposer d&#8217;un plan de protection et d&#8217;une autorisation cantonale. Apr\u00e8s avoir entendu les cantons et les associations concern\u00e9es, le Conseil f\u00e9d\u00e9ral a d\u00e9cid\u00e9 aujourd&#8217;hui de modifier en cons\u00e9quence l&#8217;ordonnance COVID-19 situation particuli\u00e8re.<\/p>\n<p><strong>Stricts crit\u00e8res d&#8217;autorisation<br \/>\n<\/strong>Le Conseil f\u00e9d\u00e9ral a fix\u00e9 les crit\u00e8res \u00e0 respecter \u00e0 partir du 1er\u00a0octobre 2020 pour qu&#8217;une grande manifestation soit autoris\u00e9e. D&#8217;une part, la situation \u00e9pid\u00e9miologique dans le canton ou la r\u00e9gion o\u00f9 l&#8217;\u00e9v\u00e9nement aura lieu doit \u00eatre favorable. D&#8217;autre part, le canton concern\u00e9 doit disposer des capacit\u00e9s requises pour le tra\u00e7age des contacts. De plus, les spectateurs devront \u00eatre assis. \u00c0 titre exceptionnel, les cantons pourront autoriser le public \u00e0 rester debout dans des manifestations en plein air, comme des courses de ski (alpin ou de fond) ou de v\u00e9lo ainsi que des f\u00eates de village en ext\u00e9rieur.<\/p>\n<p>L&#8217;organisateur doit fournir une analyse de risque au canton et disposer d&#8217;un plan de protection adapt\u00e9. Il doit notamment y r\u00e9gler les flux de<br \/>\npersonnes, d\u00e9cider si le port du masque sera obligatoire, si des si\u00e8ges doivent rester libres, ou encore y d\u00e9crire comment il garantira que les coordonn\u00e9es r\u00e9colt\u00e9es soient correctes.<\/p>\n<p><strong>Matchs de football et de hockey\u00a0nationaux<br \/>\n<\/strong>Les matchs de championnat des ligues nationales professionnelles de hockey et de football doivent \u00eatre \u00e9valu\u00e9s et autoris\u00e9s de mani\u00e8re uniforme partout en Suisse. Leurs plans de protection respectifs seront donc plus d\u00e9taill\u00e9s que ceux des autres grandes manifestations. Le public devra rester assis, et le masque sera obligatoire. Dans les salles ferm\u00e9es comme dans les stades en plein air, seuls deux tiers au maximum des places pourront \u00eatre occup\u00e9s.<\/p>\n<p>Il n&#8217;y aura pas de contingents pour les supporters du club visiteur. La restauration n&#8217;aura lieu qu&#8217;\u00e0 des places assises. Quant \u00e0 la vente et \u00e0 la consommation d&#8217;alcool, elles doivent \u00eatre limit\u00e9es de mani\u00e8re \u00e0 ce que les spectateurs puissent respecter le plan de protection. L&#8217;organisateur devra par ailleurs contr\u00f4ler que les spectateurs respectent les mesures, et les infractions devront \u00eatre sanctionn\u00e9es. Ces consignes se fondent sur les plans de protection \u00e9bauch\u00e9s par la\u00a0<i>Swiss Football League<\/i>\u00a0et la\u00a0<i>Swiss Ice Hockey Federation<\/i>.<\/p>\n<p><strong>Autorisations cantonales<br \/>\n<\/strong>La responsabilit\u00e9 d&#8217;autoriser les manifestations incombe aux cantons. Si la situation \u00e9pid\u00e9miologique se d\u00e9grade fortement, un canton pourra retirer une autorisation ou d\u00e9cider de restrictions suppl\u00e9mentaires, par exemple en r\u00e9duisant le nombre de personnes autoris\u00e9es ou en imposant le masque lors de tous les \u00e9v\u00e8nements. Il en va de m\u00eame si le canton concern\u00e9 n&#8217;est pas en mesure d&#8217;adapter rapidement ses capacit\u00e9s de tra\u00e7age des contacts \u00e0 la suite d&#8217;une d\u00e9t\u00e9rioration rapide de la situation \u00e9pid\u00e9miologique. Si une autorisation est retir\u00e9e, l&#8217;organisateur n&#8217;a aucun droit l\u00e9gal \u00e0 une indemnisation par les pouvoirs publics.<\/p>\n<\/div>\n","protected":false},"excerpt":{"rendered":"<p>Les manifestations sportives et culturelles, les congr\u00e8s et tous les autres \u00e9v\u00e8nements en int\u00e9rieur ou en ext\u00e9rieur devront disposer d&#8217;un plan de protection et d&#8217;une autorisation cantonale<\/p>\n","protected":false},"author":4,"featured_media":403909,"comment_status":"open","ping_status":"open","sticky":false,"template":"","format":"standard","meta":{"footnotes":""},"categories":[1171,1170],"tags":[],"vendi":[],"content_country":[],"class_list":["post-405361","post","type-post","status-publish","format-standard","has-post-thumbnail","hentry","category-thematique","category-vivre-en-suisse"],"acf":[],"_links":{"self":[{"href":"https:\/\/www.albinfo.at\/fr\/wp-json\/wp\/v2\/posts\/405361","targetHints":{"allow":["GET"]}}],"collection":[{"href":"https:\/\/www.albinfo.at\/fr\/wp-json\/wp\/v2\/posts"}],"about":[{"href":"https:\/\/www.albinfo.at\/fr\/wp-json\/wp\/v2\/types\/post"}],"author":[{"embeddable":true,"href":"https:\/\/www.albinfo.at\/fr\/wp-json\/wp\/v2\/users\/4"}],"replies":[{"embeddable":true,"href":"https:\/\/www.albinfo.at\/fr\/wp-json\/wp\/v2\/comments?post=405361"}],"version-history":[{"count":0,"href":"https:\/\/www.albinfo.at\/fr\/wp-json\/wp\/v2\/posts\/405361\/revisions"}],"wp:featuredmedia":[{"embeddable":true,"href":"https:\/\/www.albinfo.at\/fr\/wp-json\/wp\/v2\/media\/403909"}],"wp:attachment":[{"href":"https:\/\/www.albinfo.at\/fr\/wp-json\/wp\/v2\/media?parent=405361"}],"wp:term":[{"taxonomy":"category","embeddable":true,"href":"https:\/\/www.albinfo.at\/fr\/wp-json\/wp\/v2\/categories?post=405361"},{"taxonomy":"post_tag","embeddable":true,"href":"https:\/\/www.albinfo.at\/fr\/wp-json\/wp\/v2\/tags?post=405361"},{"taxonomy":"vendi","embeddable":true,"href":"https:\/\/www.albinfo.at\/fr\/wp-json\/wp\/v2\/vendi?post=405361"},{"taxonomy":"content_country","embeddable":true,"href":"https:\/\/www.albinfo.at\/fr\/wp-json\/wp\/v2\/content_country?post=405361"}],"curies":[{"name":"wp","href":"https:\/\/api.w.org\/{rel}","templated":true}]}}