{"id":404420,"date":"2020-09-03T21:00:05","date_gmt":"2020-09-03T19:00:05","guid":{"rendered":"https:\/\/www.albinfo.ch\/?p=404420"},"modified":"2020-09-03T20:17:11","modified_gmt":"2020-09-03T18:17:11","slug":"la-part-des-personnes-en-surpoids-sest-stabilisee","status":"publish","type":"post","link":"https:\/\/www.albinfo.at\/fr\/la-part-des-personnes-en-surpoids-sest-stabilisee\/","title":{"rendered":"La part des personnes en surpoids s&#8217;est stabilis\u00e9e"},"content":{"rendered":"<p>Depuis 1992, la proportion des personnes ob\u00e8ses a doubl\u00e9 en Suisse, passant de 5% \u00e0 11% en 2017. En 2017 \u00e9galement, 31% de la population \u00e9taient par ailleurs en surpoids. Ces derni\u00e8res ann\u00e9es, la situation s\u2019est toutefois stabilis\u00e9e et les chiffres demeurent presque au m\u00eame niveau. L\u2019\u00e2ge, le sexe et la formation jouent un r\u00f4le d\u00e9cisif dans l\u2019apparition d\u2019une surcharge pond\u00e9rale. C\u2019est ce qui ressort de l\u2019enqu\u00eate suisse sur la sant\u00e9 (ESS) que l\u2019Office f\u00e9d\u00e9ral de la statistique (OFS) r\u00e9alise tous les cinq ans depuis 1992.<\/p>\n<p>En 2017, 11% de la population suisse souffraient d\u2019ob\u00e9sit\u00e9 (surpoids excessif) et 31% de surpoids. L\u2019exc\u00e8s de poids est ainsi devenu une maladie r\u00e9pandue, qui touche davantage les hommes (51%) que les femmes (33%). Le surpoids s\u2019accro\u00eet avec l\u2019\u00e2ge, de sorte que la plus grande partie des personnes qui en souffrent se situent dans le groupe d\u2019\u00e2ge des 65 \u00e0 74 ans. D\u00e8s 35 ans, la moiti\u00e9 des hommes sont d\u00e9j\u00e0 en surpoids, voire ob\u00e8ses.<br \/>\nChez les femmes, ce sont les diff\u00e9rences sociales qui sont frappantes: compar\u00e9es aux femmes ayant achev\u00e9 une formation du degr\u00e9 tertiaire, celles dont le niveau de formation est plus bas courent un risque 3,5 fois plus \u00e9lev\u00e9 de souffrir d\u2019ob\u00e9sit\u00e9 et 1,9 fois plus \u00e9lev\u00e9 d\u2019\u00eatre en surpoids.<\/p>\n<p><strong>Le nombre de personnes en surpoids ou ob\u00e8ses s\u2019est stabilis\u00e9 ces derni\u00e8res ann\u00e9es<\/strong><\/p>\n<p>Entre 1992 et 2017, la pr\u00e9valence de l\u2019ob\u00e9sit\u00e9 a doubl\u00e9, passant de 5% \u00e0 11%. Durant la m\u00eame p\u00e9riode, la proportion des personnes en surpoids ou ob\u00e8ses a augment\u00e9 de 30% \u00e0 42%. Les chiffres ont enregistr\u00e9 une forte hausse surtout entre 1992 et 2002. Ces derni\u00e8res ann\u00e9es, ils se sont au contraire stabilis\u00e9s, puisque la proportion des personnes en surpoids atteignait 41% en 2012.<\/p>\n<p><strong>La population est de plus en plus satisfaite de son poids<\/strong><\/p>\n<p>L\u2019id\u00e9al de beaut\u00e9, tel qu\u2019il pr\u00e9vaut chez l\u2019individu et au sein de la soci\u00e9t\u00e9, exerce une influence d\u00e9cisive sur le poids corporel. Les femmes sont ainsi 2,5 fois moins nombreuses \u00e0 \u00eatre satisfaites de leur poids que les hommes, ind\u00e9pendamment de l\u2019indice de masse corporelle (IMC), de l\u2019\u00e2ge, de la formation et de la nationalit\u00e9. Avec la multiplication du nombre de personnes en surpoids, la soci\u00e9t\u00e9 se montre en outre plus tol\u00e9rante face \u00e0 cette probl\u00e9matique: entre 2007 et 2017, le nombre d\u2019individus satisfaits de leur poids est pass\u00e9 de 48% \u00e0 64% parmi les personnes en surpoids et de 27% \u00e0 35% parmi les personnes ob\u00e8ses. Il n\u2019en demeure pas moins que la grande majorit\u00e9 des personnes souffrant de surcharge pond\u00e9rale souhaiteraient perdre du poids.<\/p>\n<p><strong>R\u00e9percussions de l\u2019ob\u00e9sit\u00e9 sur la sant\u00e9<\/strong><\/p>\n<p>L\u2019ob\u00e9sit\u00e9 constitue un facteur de risque particulier de maladies non transmissibles, tels les troubles cardiovasculaires. Par rapport \u00e0 des personnes de poids normal, celles qui sont ob\u00e8ses pr\u00e9sentent plus souvent une hypertension art\u00e9rielle (39% contre 10%), un taux de cholest\u00e9rol \u00e9lev\u00e9 (22% contre 9%) et du diab\u00e8te (12% contre 2%). Elles tendent \u00e9galement \u00e0 souffrir plus souvent d\u2019arthrose ou d\u2019arthrite (25% contre 11%) et de bronchite chronique (7% contre 2%).<\/p>\n<p><strong>Une sant\u00e9 psychique alt\u00e9r\u00e9e<\/strong><\/p>\n<p>Des corr\u00e9lations ont \u00e9galement \u00e9t\u00e9 observ\u00e9es avec la sant\u00e9 psychique. Les personnes ob\u00e8ses ressentent plus souvent des sympt\u00f4mes d\u00e9pressifs (12% contre 8%) et une d\u00e9tresse psychologique (19% contre 15%) que les personnes de poids normal. De plus, elles sont plus nombreuses \u00e0 faire \u00e9tat d\u2019un faible soutien social (14% contre 8%).<\/p>\n","protected":false},"excerpt":{"rendered":"<p>Depuis 1992, la proportion des personnes ob\u00e8ses a doubl\u00e9 en Suisse, passant de 5% \u00e0 11% en 2017. En 2017 \u00e9galement, 31% de la population \u00e9taient par ailleurs en surpoids. Ces derni\u00e8res ann\u00e9es, la situation s\u2019est toutefois stabilis\u00e9e et les chiffres demeurent presque au m\u00eame niveau. L\u2019\u00e2ge, le sexe et la formation jouent un r\u00f4le [&hellip;]<\/p>\n","protected":false},"author":4,"featured_media":404416,"comment_status":"open","ping_status":"open","sticky":false,"template":"","format":"standard","meta":{"footnotes":""},"categories":[1171,1170],"tags":[],"vendi":[],"content_country":[],"class_list":["post-404420","post","type-post","status-publish","format-standard","has-post-thumbnail","hentry","category-thematique","category-vivre-en-suisse"],"acf":[],"_links":{"self":[{"href":"https:\/\/www.albinfo.at\/fr\/wp-json\/wp\/v2\/posts\/404420","targetHints":{"allow":["GET"]}}],"collection":[{"href":"https:\/\/www.albinfo.at\/fr\/wp-json\/wp\/v2\/posts"}],"about":[{"href":"https:\/\/www.albinfo.at\/fr\/wp-json\/wp\/v2\/types\/post"}],"author":[{"embeddable":true,"href":"https:\/\/www.albinfo.at\/fr\/wp-json\/wp\/v2\/users\/4"}],"replies":[{"embeddable":true,"href":"https:\/\/www.albinfo.at\/fr\/wp-json\/wp\/v2\/comments?post=404420"}],"version-history":[{"count":0,"href":"https:\/\/www.albinfo.at\/fr\/wp-json\/wp\/v2\/posts\/404420\/revisions"}],"wp:featuredmedia":[{"embeddable":true,"href":"https:\/\/www.albinfo.at\/fr\/wp-json\/wp\/v2\/media\/404416"}],"wp:attachment":[{"href":"https:\/\/www.albinfo.at\/fr\/wp-json\/wp\/v2\/media?parent=404420"}],"wp:term":[{"taxonomy":"category","embeddable":true,"href":"https:\/\/www.albinfo.at\/fr\/wp-json\/wp\/v2\/categories?post=404420"},{"taxonomy":"post_tag","embeddable":true,"href":"https:\/\/www.albinfo.at\/fr\/wp-json\/wp\/v2\/tags?post=404420"},{"taxonomy":"vendi","embeddable":true,"href":"https:\/\/www.albinfo.at\/fr\/wp-json\/wp\/v2\/vendi?post=404420"},{"taxonomy":"content_country","embeddable":true,"href":"https:\/\/www.albinfo.at\/fr\/wp-json\/wp\/v2\/content_country?post=404420"}],"curies":[{"name":"wp","href":"https:\/\/api.w.org\/{rel}","templated":true}]}}