{"id":403095,"date":"2020-08-28T20:34:44","date_gmt":"2020-08-28T18:34:44","guid":{"rendered":"https:\/\/www.albinfo.ch\/?p=403095"},"modified":"2020-08-28T20:35:26","modified_gmt":"2020-08-28T18:35:26","slug":"effectif-et-evolution-de-la-population-en-suisse-en-2019-resultats-definitifs","status":"publish","type":"post","link":"https:\/\/www.albinfo.at\/fr\/effectif-et-evolution-de-la-population-en-suisse-en-2019-resultats-definitifs\/","title":{"rendered":"Effectif et \u00e9volution de la population en Suisse en 2019: r\u00e9sultats d\u00e9finitifs"},"content":{"rendered":"<p>Les chiffres d\u00e9finitifs 2019 de la statistique de la population et des m\u00e9nages de l\u2019Office f\u00e9d\u00e9ral de la statistique (OFS) confirment les tendances observ\u00e9es en avril lors de la publication des r\u00e9sultats provisoires. La population de la Suisse a progress\u00e9 de 0,7% par rapport \u00e0 2018, pour atteindre 8,6 millions de personnes \u00e0 fin 2019. Elle s\u2019est accrue dans tous les cantons, sauf au Tessin, \u00e0 Nidwald, Neuch\u00e2tel et Appenzell Rhodes-Int\u00e9rieures. La majeure partie des personnes vivent dans les espaces \u00e0 caract\u00e8re urbain. Pr\u00e8s de la moiti\u00e9 des cantons comptent plus de seniors que de jeunes.<\/p>\n<p><a href=\"https:\/\/www.bfs.admin.ch\/bfs\/fr\/home.gnpdetail.2020-0182.html\">bfs.admin.ch<\/a><\/p>\n","protected":false},"excerpt":{"rendered":"<p>Les chiffres d\u00e9finitifs 2019 de la statistique de la population et des m\u00e9nages de l\u2019Office f\u00e9d\u00e9ral de la statistique (OFS) confirment les tendances observ\u00e9es en avril lors de la publication des r\u00e9sultats provisoires. La population de la Suisse a progress\u00e9 de 0,7% par rapport \u00e0 2018, pour atteindre 8,6 millions de personnes \u00e0 fin 2019. [&hellip;]<\/p>\n","protected":false},"author":6,"featured_media":399576,"comment_status":"open","ping_status":"open","sticky":false,"template":"","format":"standard","meta":{"footnotes":""},"categories":[1171,1170],"tags":[],"vendi":[],"content_country":[],"class_list":["post-403095","post","type-post","status-publish","format-standard","has-post-thumbnail","hentry","category-thematique","category-vivre-en-suisse"],"acf":[],"_links":{"self":[{"href":"https:\/\/www.albinfo.at\/fr\/wp-json\/wp\/v2\/posts\/403095","targetHints":{"allow":["GET"]}}],"collection":[{"href":"https:\/\/www.albinfo.at\/fr\/wp-json\/wp\/v2\/posts"}],"about":[{"href":"https:\/\/www.albinfo.at\/fr\/wp-json\/wp\/v2\/types\/post"}],"author":[{"embeddable":true,"href":"https:\/\/www.albinfo.at\/fr\/wp-json\/wp\/v2\/users\/6"}],"replies":[{"embeddable":true,"href":"https:\/\/www.albinfo.at\/fr\/wp-json\/wp\/v2\/comments?post=403095"}],"version-history":[{"count":0,"href":"https:\/\/www.albinfo.at\/fr\/wp-json\/wp\/v2\/posts\/403095\/revisions"}],"wp:featuredmedia":[{"embeddable":true,"href":"https:\/\/www.albinfo.at\/fr\/wp-json\/wp\/v2\/media\/399576"}],"wp:attachment":[{"href":"https:\/\/www.albinfo.at\/fr\/wp-json\/wp\/v2\/media?parent=403095"}],"wp:term":[{"taxonomy":"category","embeddable":true,"href":"https:\/\/www.albinfo.at\/fr\/wp-json\/wp\/v2\/categories?post=403095"},{"taxonomy":"post_tag","embeddable":true,"href":"https:\/\/www.albinfo.at\/fr\/wp-json\/wp\/v2\/tags?post=403095"},{"taxonomy":"vendi","embeddable":true,"href":"https:\/\/www.albinfo.at\/fr\/wp-json\/wp\/v2\/vendi?post=403095"},{"taxonomy":"content_country","embeddable":true,"href":"https:\/\/www.albinfo.at\/fr\/wp-json\/wp\/v2\/content_country?post=403095"}],"curies":[{"name":"wp","href":"https:\/\/api.w.org\/{rel}","templated":true}]}}