{"id":402599,"date":"2020-08-26T08:53:54","date_gmt":"2020-08-26T06:53:54","guid":{"rendered":"https:\/\/www.albinfo.ch\/?p=402599"},"modified":"2020-08-26T08:54:58","modified_gmt":"2020-08-26T06:54:58","slug":"adaptation-aux-changements-climatiques-le-conseil-federal-adopte-le-plan-daction-2020-2025","status":"publish","type":"post","link":"https:\/\/www.albinfo.at\/fr\/adaptation-aux-changements-climatiques-le-conseil-federal-adopte-le-plan-daction-2020-2025\/","title":{"rendered":"Adaptation aux changements climatiques : le Conseil f\u00e9d\u00e9ral adopte le plan d\u2019action 2020-2025"},"content":{"rendered":"<p><strong>Vagues de chaleur et p\u00e9riodes de s\u00e9cheresse plus fr\u00e9quentes, dangers naturels tels que crues ou glissements de terrain plus nombreux et modifications de la diversit\u00e9 animale et v\u00e9g\u00e9tale : les changements climatiques ont un impact sur l\u2019environnement aujourd\u2019hui et l\u2019auront encore plus \u00e0 l\u2019avenir. C\u2019est pourquoi le Conseil f\u00e9d\u00e9ral a adopt\u00e9, le 19 ao\u00fbt 2020, le plan d\u2019action d\u2019adaptation aux changements climatiques 2020-2025. Poursuivant la politique men\u00e9e jusqu\u2019\u00e0 pr\u00e9sent, ce plan pr\u00e9voit des mesures pour lutter contre les risques li\u00e9s aux changements climatiques et accro\u00eetre la capacit\u00e9 d\u2019adaptation de la nature, de la soci\u00e9t\u00e9 et de l\u2019\u00e9conomie.<\/strong><\/p>\n<p>La r\u00e9duction des \u00e9missions de gaz \u00e0 effet de serre constitue l\u2019objectif premier de la politique climatique suisse. Or m\u00eame si les objectifs fix\u00e9s dans l\u2019Accord de Paris sont atteints et que le r\u00e9chauffement plan\u00e9taire est limit\u00e9 \u00e0 1,5\u00a0\u00b0C, des mesures d\u2019adaptation aux effet des changements climatiques doivent imp\u00e9rativement \u00eatre prises. C\u2019est pour cette raison que le Conseil f\u00e9d\u00e9ral avait \u00e9labor\u00e9, en 2012, la strat\u00e9gie \u00ab\u00a0Adaptation aux changements climatiques en Suisse\u00a0\u00bb. Avec le plan d\u2019action adopt\u00e9 le 19\u00a0ao\u00fbt\u00a02020, il poursuit la mise en \u0153uvre de cette strat\u00e9gie pour 2020 \u00e0 2025.<\/p>\n<p>Le plan d\u2019action comprend 75\u00a0mesures au plan f\u00e9d\u00e9ral. Elles doivent contribuer \u00e0 g\u00e9rer les effets les plus importants des changements climatiques et les risques qui leur sont li\u00e9s. Parmi les effets figurent la hausse de la fr\u00e9quence et de l\u2019intensit\u00e9 des vagues de chaleur et des p\u00e9riodes de s\u00e9cheresse, la multiplication des dangers naturels ou encore la perte de diversit\u00e9 des esp\u00e8ces v\u00e9g\u00e9tales et animales. Le plan d\u2019action se fonde sur les sc\u00e9narios climatiques CH2018 (cf.\u00a0encadr\u00e9).<\/p>\n<p><strong>Agir aujourd\u2019hui pour demain<\/strong><\/p>\n<p>Les mesures de lutte contre l\u2019accentuation des fortes chaleurs en \u00e9t\u00e9, en particulier dans les r\u00e9gions dens\u00e9ment b\u00e2ties, se concentrent sur la sant\u00e9 et le bien-\u00eatre de l\u2019\u00eatre humain. \u00c0 court terme, les personnes \u00e0 risque, les professionnels de la sant\u00e9 et les autorit\u00e9s doivent \u00eatre sensibilis\u00e9s \u00e0 cette probl\u00e9matique et inform\u00e9s des mesures appropri\u00e9es. \u00c0 moyen et long termes, les habitats doivent \u00eatre adapt\u00e9s aux changements climatiques. Aussi les villes et les zones habit\u00e9es n\u00e9cessitent-elles des espaces verts et aquatiques pour contrecarrer la surchauffe locale. Pour que la qualit\u00e9 de vie reste agr\u00e9able malgr\u00e9 l\u2019augmentation des temp\u00e9ratures, les b\u00e2timents doivent \u00eatre construits et positionn\u00e9s de mani\u00e8re \u00e0 offrir suffisamment d\u2019ombre et \u00e0 garantir la circulation de l\u2019air.<\/p>\n<p>La s\u00e9cheresse croissante appelle des mesures de gestion des p\u00e9nuries d\u2019eau. Plusieurs offices f\u00e9d\u00e9raux travaillent ensemble \u00e0 l\u2019am\u00e9lioration des pr\u00e9visions des s\u00e9cheresses et des informations fournies durant ces p\u00e9riodes, ce qui permettra de prendre de mani\u00e8re pr\u00e9coce les mesures qui s\u2019imposent. En outre, la Conf\u00e9d\u00e9ration entend continuer \u00e0 soutenir les cantons dans le cadre de la mise en \u0153uvre de la planification des ressources hydriques. Dans le domaine de l\u2019agriculture, la Conf\u00e9d\u00e9ration et les cantons promeuvent une exploitation qui m\u00e9nage les ressources et est adapt\u00e9e aux conditions plus s\u00e8ches, en optant, par exemple, pour des cultures supportant mieux la chaleur.<\/p>\n<p>Les changements climatiques ont \u00e9galement un impact en mati\u00e8re de dangers naturels. Du fait de l\u2019augmentation des fortes pr\u00e9cipitations et des hivers plus doux, durant lesquels la pluie remplacera la neige, le risque de crues sera plus fr\u00e9quent par endroits. Les lacs, les rivi\u00e8res et les ruisseaux pourraient sortir davantage de leur lit et les eaux de pluie ruisseler sur de grandes surfaces si les sols ne parviennent pas \u00e0 les absorber assez rapidement. Des glissements de terrain pourront \u00e9galement se produire plus souvent. De tels changements doivent \u00eatre identifi\u00e9s suffisamment t\u00f4t et pris en compte dans toutes les activit\u00e9s de protection contre les dangers naturels et de lutte contre ceux-ci. Ainsi, pour pr\u00e9venir de mani\u00e8re efficace les dommages, il convient de garantir suffisamment d\u2019espaces pour rediriger ou retenir l\u2019eau, les \u00e9boulis et les avalanches.<\/p>\n<p>Le plan d\u2019action comporte \u00e9galement des mesures en faveur de la biodiversit\u00e9. Les changements climatiques modifient les habitats, la composition des esp\u00e8ces animales et v\u00e9g\u00e9tales et le paysage. La nature est capable de s\u2019y adapter dans une certaine mesure, mais a besoin d\u2019espaces. Par cons\u00e9quent, le plan d\u2019action pr\u00e9voit la cr\u00e9ation et la mise en r\u00e9seau d\u2019aires prot\u00e9g\u00e9es. Cette mesure vise \u00e9galement \u00e0 assurer \u00e0 long terme les prestations importantes des \u00e9cosyst\u00e8mes, comme la pollinisation par les insectes ou la protection contre les avalanches par les for\u00eats.<\/p>\n<p><strong>Renforcer la collaboration entre la Conf\u00e9d\u00e9ration, les cantons et les communes<\/strong><\/p>\n<p>L\u2019impact des changements climatiques variant d\u2019un endroit \u00e0 l\u2019autre, la collaboration entre la Conf\u00e9d\u00e9ration, les cantons et les communes est cruciale. Plusieurs mesures du plan d\u2019action visent donc \u00e0 am\u00e9liorer la coordination entre les trois \u00e9chelons de l\u2019\u00c9tat. L\u2019Office f\u00e9d\u00e9ral de l\u2019environnement (OFEV) d\u00e9veloppe actuellement un outil en ligne simple visant \u00e0 soutenir les communes dans la planification de mesures d\u2019adaptation. En outre, un programme de recherche concernant les effets des changements climatiques sur la sant\u00e9, les \u00e9cosyst\u00e8mes et les infrastructures en Suisse est pr\u00e9vu.<\/p>\n<p><strong>Les sc\u00e9narios climatiques<\/strong><\/p>\n<p>Les sc\u00e9narios climatiques CH2018 montrent comment les changements climatiques affectent le pays et comment les mesures prises au niveau mondial peuvent r\u00e9duire les gaz \u00e0 effet de serre, nocifs. Associant des simulations des mod\u00e8les climatiques les plus modernes aux observations des tendances actuelles, les sc\u00e9narios climatiques permettent d\u2019obtenir un aper\u00e7u plus pr\u00e9cis de l\u2019\u00e9volution du climat en Suisse. Le plan d\u2019action se fonde, par pr\u00e9caution, sur un sc\u00e9nario ne pr\u00e9voyant pas de mesures de protection du climat suppl\u00e9mentaires prises \u00e0 l\u2019\u00e9chelle mondiale, c\u2019est-\u00e0-dire sur un r\u00e9chauffement moyen mondial se situant entre 2,6 et 4,8\u00a0\u00b0C d\u2019ici \u00e0 la fin du si\u00e8cle par rapport \u00e0 aujourd\u2019hui.<\/p>\n<p><strong>Journ\u00e9es tropicales plus nombreuses<\/strong>\u00a0: les temp\u00e9ratures maximales grimpent plus fortement que les temp\u00e9ratures moyennes. D\u2019ici \u00e0 la moiti\u00e9 du si\u00e8cle, les jours les plus chauds pourront ainsi voir leur temp\u00e9rature augmenter de 2 \u00e0 5,5\u00a0\u00b0C par rapport \u00e0 aujourd\u2019hui. Le nombre de journ\u00e9es tropicales (pendant lesquelles le thermom\u00e8tre atteint ou d\u00e9passe la barre des 30\u00a0\u00b0C) devrait plus que doubler selon les r\u00e9gions. Les vagues de chaleur seront plus fr\u00e9quentes et plus extr\u00eames, si bien que les p\u00e9riodes de canicule record de 2003 et 2018 pourraient devenir la norme.<\/p>\n<p><strong>\u00c9t\u00e9s secs<\/strong>\u00a0: la quantit\u00e9 moyenne de pluie en \u00e9t\u00e9 diminuera \u00e0 long terme, alors que l\u2019\u00e9vaporation s\u2019accro\u00eetra en raison des temp\u00e9ratures en hausse. D\u2019ici \u00e0 la moiti\u00e9 du si\u00e8cle, la temp\u00e9rature estivale moyenne augmentera de 2,5 \u00e0 4,5\u00a0\u00b0C par rapport \u00e0 aujourd\u2019hui. La quantit\u00e9 de pluie sera diminu\u00e9e d\u2019un quart, tandis que la plus longue p\u00e9riode sans pluie pourra durer jusqu\u2019\u00e0 neuf\u00a0jours de plus qu\u2019aujourd\u2019hui. Par cons\u00e9quent, les sols deviendront plus secs.<\/p>\n<p><strong>Pr\u00e9cipitations intenses<\/strong>\u00a0: la fr\u00e9quence et l\u2019intensit\u00e9 des fortes pr\u00e9cipitations augmenteront \u00e0 l\u2019avenir en toute saison, mais en particulier l\u2019hiver. D\u2019ici \u00e0 la moiti\u00e9 du si\u00e8cle, la plus grande quantit\u00e9 de pr\u00e9cipitations, enregistr\u00e9e en une journ\u00e9e, cro\u00eetra de 10\u00a0%.<\/p>\n<p><strong>Hivers peu enneig\u00e9s<\/strong>\u00a0: d\u2019ici \u00e0 la moiti\u00e9 du si\u00e8cle, les hivers seront nettement plus doux qu\u2019aujourd\u2019hui. S\u2019ils conna\u00eetront davantage de pr\u00e9cipitations, celles-ci tomberont toujours plus sous forme de pluie en raison des temp\u00e9ratures \u00e9lev\u00e9es. Ainsi, il neigera moins souvent et en des quantit\u00e9s moindres, notamment en plaine. Le nombre de jours de neige fra\u00eeche diminuera, et la limite pluie-neige s\u2019\u00e9l\u00e8vera de 400 voire 650\u00a0m\u00e8tres.<\/p>\n<p><a href=\"https:\/\/www.admin.ch\/gov\/fr\/accueil\/documentation\/communiques.msg-id-80110.html\">admin.ch<\/a><\/p>\n","protected":false},"excerpt":{"rendered":"<p>Vagues de chaleur et p\u00e9riodes de s\u00e9cheresse plus fr\u00e9quentes, dangers naturels tels que crues ou glissements de terrain plus nombreux et modifications de la diversit\u00e9 animale et v\u00e9g\u00e9tale : les changements climatiques ont un impact sur l\u2019environnement aujourd\u2019hui et l\u2019auront encore plus \u00e0 l\u2019avenir. C\u2019est pourquoi le Conseil f\u00e9d\u00e9ral a adopt\u00e9, le 19 ao\u00fbt 2020, [&hellip;]<\/p>\n","protected":false},"author":6,"featured_media":324015,"comment_status":"open","ping_status":"open","sticky":false,"template":"","format":"standard","meta":{"footnotes":""},"categories":[1171,1170],"tags":[],"vendi":[],"content_country":[],"class_list":["post-402599","post","type-post","status-publish","format-standard","has-post-thumbnail","hentry","category-thematique","category-vivre-en-suisse"],"acf":[],"_links":{"self":[{"href":"https:\/\/www.albinfo.at\/fr\/wp-json\/wp\/v2\/posts\/402599","targetHints":{"allow":["GET"]}}],"collection":[{"href":"https:\/\/www.albinfo.at\/fr\/wp-json\/wp\/v2\/posts"}],"about":[{"href":"https:\/\/www.albinfo.at\/fr\/wp-json\/wp\/v2\/types\/post"}],"author":[{"embeddable":true,"href":"https:\/\/www.albinfo.at\/fr\/wp-json\/wp\/v2\/users\/6"}],"replies":[{"embeddable":true,"href":"https:\/\/www.albinfo.at\/fr\/wp-json\/wp\/v2\/comments?post=402599"}],"version-history":[{"count":0,"href":"https:\/\/www.albinfo.at\/fr\/wp-json\/wp\/v2\/posts\/402599\/revisions"}],"wp:featuredmedia":[{"embeddable":true,"href":"https:\/\/www.albinfo.at\/fr\/wp-json\/wp\/v2\/media\/324015"}],"wp:attachment":[{"href":"https:\/\/www.albinfo.at\/fr\/wp-json\/wp\/v2\/media?parent=402599"}],"wp:term":[{"taxonomy":"category","embeddable":true,"href":"https:\/\/www.albinfo.at\/fr\/wp-json\/wp\/v2\/categories?post=402599"},{"taxonomy":"post_tag","embeddable":true,"href":"https:\/\/www.albinfo.at\/fr\/wp-json\/wp\/v2\/tags?post=402599"},{"taxonomy":"vendi","embeddable":true,"href":"https:\/\/www.albinfo.at\/fr\/wp-json\/wp\/v2\/vendi?post=402599"},{"taxonomy":"content_country","embeddable":true,"href":"https:\/\/www.albinfo.at\/fr\/wp-json\/wp\/v2\/content_country?post=402599"}],"curies":[{"name":"wp","href":"https:\/\/api.w.org\/{rel}","templated":true}]}}