{"id":402594,"date":"2020-08-26T08:45:33","date_gmt":"2020-08-26T06:45:33","guid":{"rendered":"https:\/\/www.albinfo.ch\/?p=402594"},"modified":"2020-08-26T08:45:33","modified_gmt":"2020-08-26T06:45:33","slug":"passagers-aeriens-en-provenance-des-regions-a-risque","status":"publish","type":"post","link":"https:\/\/www.albinfo.at\/fr\/passagers-aeriens-en-provenance-des-regions-a-risque\/","title":{"rendered":"Passagers a\u00e9riens en provenance des r\u00e9gions \u00e0 risque"},"content":{"rendered":"<p>En p\u00e9riode de COVID-19, les cantons doivent pouvoir contr\u00f4ler rapidement si les personnes en provenance des zones \u00e0 risque respectent la quarantaine obligatoire. L\u2019Office f\u00e9d\u00e9ral de la sant\u00e9 publique (OFSP) et la Direction de la s\u00e9curit\u00e9 du Canton de Zurich ont conclu un accord de coop\u00e9ration pour la gestion des coordonn\u00e9es des voyageurs \u00e0 l\u2019a\u00e9roport de Zurich-Kloten.<\/p>\n<p>L&#8217;accord fixe la proc\u00e9dure suivante\u00a0: les compagnies a\u00e9riennes desservant l&#8217;a\u00e9roport de Zurich-Kloten ou leurs soci\u00e9t\u00e9s d&#8217;assistance au sol fournissent directement les coordonn\u00e9es (passenger locator forms) des passagers qui entrent en Suisse en provenance d&#8217;un \u00c9tat ou d&#8217;une zone \u00e0 risque \u00e0 la police a\u00e9roportuaire. Celle-ci les transmet imm\u00e9diatement aux cantons de domicile ou de s\u00e9jour des voyageurs, ainsi qu&#8217;\u00e0 l&#8217;OFSP, tout en garantissant la s\u00e9curit\u00e9 des donn\u00e9es. Ces derni\u00e8res sont ensuite supprim\u00e9es.<\/p>\n<p>La proc\u00e9dure d\u00e9finie dans l&#8217;accord est conforme aux dispositions en mati\u00e8re de protection des donn\u00e9es, dont le traitement et l&#8217;\u00e9change entre la Conf\u00e9d\u00e9ration et les cantons sont r\u00e9gl\u00e9s aux art.\u00a058 et 59 de la loi sur les \u00e9pid\u00e9mies. L&#8217;OFSP participe aux co\u00fbts engendr\u00e9s par ces prestations pour le Canton de Zurich. L&#8217;accord s&#8217;applique pour l&#8217;heure jusqu&#8217;au 31\u00a0d\u00e9cembre 2020.<\/p>\n<p>La l\u00e9gislation sur les \u00e9pid\u00e9mies accorde une grande importance au principe de coop\u00e9ration entre la Conf\u00e9d\u00e9ration et les cantons. Ainsi, l&#8217;art.\u00a0103 de l&#8217;ordonnance sur les \u00e9pid\u00e9mies dispose que les autorit\u00e9s d&#8217;ex\u00e9cution cantonales et f\u00e9d\u00e9rales collaborent dans la mesure de leurs comp\u00e9tences respectives, en particulier dans les domaines suivants\u00a0: la pr\u00e9paration, l&#8217;information, le d\u00e9pistage et la surveillance des maladies, les mesures visant le transport international de personnes et la coop\u00e9ration internationale.<\/p>\n<p><a href=\"https:\/\/www.admin.ch\/gov\/fr\/accueil\/documentation\/communiques.msg-id-80103.html\">admin.ch<\/a><\/p>\n<p>&nbsp;<\/p>\n<p>&nbsp;<\/p>\n","protected":false},"excerpt":{"rendered":"<p>En p\u00e9riode de COVID-19, les cantons doivent pouvoir contr\u00f4ler rapidement si les personnes en provenance des zones \u00e0 risque respectent la quarantaine obligatoire. L\u2019Office f\u00e9d\u00e9ral de la sant\u00e9 publique (OFSP) et la Direction de la s\u00e9curit\u00e9 du Canton de Zurich ont conclu un accord de coop\u00e9ration pour la gestion des coordonn\u00e9es des voyageurs \u00e0 l\u2019a\u00e9roport [&hellip;]<\/p>\n","protected":false},"author":6,"featured_media":401316,"comment_status":"open","ping_status":"open","sticky":false,"template":"","format":"standard","meta":{"footnotes":""},"categories":[1171,1170],"tags":[],"vendi":[],"content_country":[],"class_list":["post-402594","post","type-post","status-publish","format-standard","has-post-thumbnail","hentry","category-thematique","category-vivre-en-suisse"],"acf":[],"_links":{"self":[{"href":"https:\/\/www.albinfo.at\/fr\/wp-json\/wp\/v2\/posts\/402594","targetHints":{"allow":["GET"]}}],"collection":[{"href":"https:\/\/www.albinfo.at\/fr\/wp-json\/wp\/v2\/posts"}],"about":[{"href":"https:\/\/www.albinfo.at\/fr\/wp-json\/wp\/v2\/types\/post"}],"author":[{"embeddable":true,"href":"https:\/\/www.albinfo.at\/fr\/wp-json\/wp\/v2\/users\/6"}],"replies":[{"embeddable":true,"href":"https:\/\/www.albinfo.at\/fr\/wp-json\/wp\/v2\/comments?post=402594"}],"version-history":[{"count":0,"href":"https:\/\/www.albinfo.at\/fr\/wp-json\/wp\/v2\/posts\/402594\/revisions"}],"wp:featuredmedia":[{"embeddable":true,"href":"https:\/\/www.albinfo.at\/fr\/wp-json\/wp\/v2\/media\/401316"}],"wp:attachment":[{"href":"https:\/\/www.albinfo.at\/fr\/wp-json\/wp\/v2\/media?parent=402594"}],"wp:term":[{"taxonomy":"category","embeddable":true,"href":"https:\/\/www.albinfo.at\/fr\/wp-json\/wp\/v2\/categories?post=402594"},{"taxonomy":"post_tag","embeddable":true,"href":"https:\/\/www.albinfo.at\/fr\/wp-json\/wp\/v2\/tags?post=402594"},{"taxonomy":"vendi","embeddable":true,"href":"https:\/\/www.albinfo.at\/fr\/wp-json\/wp\/v2\/vendi?post=402594"},{"taxonomy":"content_country","embeddable":true,"href":"https:\/\/www.albinfo.at\/fr\/wp-json\/wp\/v2\/content_country?post=402594"}],"curies":[{"name":"wp","href":"https:\/\/api.w.org\/{rel}","templated":true}]}}