{"id":401325,"date":"2020-08-19T18:45:05","date_gmt":"2020-08-19T16:45:05","guid":{"rendered":"https:\/\/www.albinfo.ch\/?p=401325"},"modified":"2020-08-19T19:22:19","modified_gmt":"2020-08-19T17:22:19","slug":"lalbanie-dans-la-liste-des-pays-a-risque","status":"publish","type":"post","link":"https:\/\/www.albinfo.at\/fr\/lalbanie-dans-la-liste-des-pays-a-risque\/","title":{"rendered":"L\u2019Albanie dans la liste des pays a\u0300 risque"},"content":{"rendered":"<p>Le Conseil f\u00e9d\u00e9ral a adapt\u00e9 la liste des \u00c9tats et des territoires pr\u00e9sentant un risque \u00e9lev\u00e9 d\u2019infection, avec effet au 20 ao\u00fbt 2020 \u00e0 0 h. Parmi les ajouts figurent notamment l\u2019Albanie, les Bal\u00e9ares et la Belgique.<\/p>\n<h2><strong>Quarantaine obligatoire : liste des \u00c9tats et des territoires<\/strong><\/h2>\n<p>Les \u00c9tats et territoires concern\u00e9s sont d\u00e9finis dans l\u2019ordonnance COVID-19 mesures dans le domaine du transport international de voyageurs. Cette liste est r\u00e9guli\u00e8rement actualis\u00e9e.<\/p>\n<p><strong>Supprim\u00e9s de la liste \u00e0 compter du 20 ao\u00fbt 2020 :<\/strong>\u00a0Arabie saoudite, Guin\u00e9e \u00e9quatoriale, Sao Tom\u00e9-et-Principe, Serbie et Singapour.<\/p>\n<p>Les \u00c9tats et territoires rajout\u00e9s sont\u00a0<strong>en gras<\/strong>.<\/p>\n<p><a href=\"https:\/\/www.bag.admin.ch\/bag\/fr\/home\/krankheiten\/ausbrueche-epidemien-pandemien\/aktuelle-ausbrueche-epidemien\/novel-cov\/empfehlungen-fuer-reisende\/quarantaene-einreisende.html#accordion1597851497951\" data-toggle=\"collapse\" aria-expanded=\"true\" aria-controls=\"accordion1597851497951\" aria-selected=\"true\">\u00a0Liste en vigueur lors de l\u2019entr\u00e9e en Suisse \u00e0 dater du 20 ao\u00fbt 2020<\/a><\/p>\n<ul>\n<li>Afrique du Sud<\/li>\n<li><strong>Albanie<\/strong><\/li>\n<li><strong>Andorre<\/strong><\/li>\n<li>Argentine<\/li>\n<li>Arm\u00e9nie<\/li>\n<li><strong>Aruba<\/strong><\/li>\n<li>Bahamas<\/li>\n<li>Bahre\u00efn<\/li>\n<li><strong>Belgique<\/strong><\/li>\n<li><strong>Belize<\/strong><\/li>\n<li>Bolivie<\/li>\n<li>Bosnie et H\u00e9rzegovine<\/li>\n<li>Br\u00e9sil<\/li>\n<li>Cabo Verde<\/li>\n<li>Chili<\/li>\n<li>Colombie<\/li>\n<li>Costa Rica<\/li>\n<li>El Salvador<\/li>\n<li>\u00c9quateur<\/li>\n<li>Espagne\u00a0<strong>y compris les \u00celes Bal\u00e9ares\u00a0<\/strong>(sans les \u00celes Canaries)<\/li>\n<li>Eswatini (Swaziland)<\/li>\n<li>\u00c9tats-Unis (y compris Porto Rico et les \u00celes Vierges des \u00c9tats-Unis)<\/li>\n<li><strong>Gibraltar<\/strong><\/li>\n<li><strong>Guam<\/strong><\/li>\n<li>Guatemala<\/li>\n<li><strong>Inde<\/strong><\/li>\n<li>Honduras<\/li>\n<li><strong>\u00celes F\u00e9ro\u00e9<\/strong><\/li>\n<li>\u00celes Turques-et-Ca\u00efques<\/li>\n<li>Irak<\/li>\n<li>Isra\u00ebl<\/li>\n<li>Kazakhstan<\/li>\n<li>Kirghizistan<\/li>\n<li>Kosovo<\/li>\n<li>Kowe\u00eft<\/li>\n<li>Luxembourg<\/li>\n<li>Mac\u00e9doine du Nord<\/li>\n<li>Maldives<\/li>\n<li><strong>Malte<\/strong><\/li>\n<li>Mexique<\/li>\n<li>Moldova<\/li>\n<li><strong>Monaco<\/strong><\/li>\n<li>Mont\u00e9n\u00e9gro<\/li>\n<li><strong>Namibie<\/strong><\/li>\n<li>Oman<\/li>\n<li>Panama<\/li>\n<li>P\u00e9rou<\/li>\n<li>Qatar<\/li>\n<li>R\u00e9publique dominicaine<\/li>\n<li>Roumanie<\/li>\n<li>Sint Maarten<\/li>\n<li>Suriname<\/li>\n<li>Territoire palestinien occup\u00e9<\/li>\n<\/ul>\n<p><a href=\"https:\/\/www.bag.admin.ch\/bag\/fr\/home\/krankheiten\/ausbrueche-epidemien-pandemien\/aktuelle-ausbrueche-epidemien\/novel-cov\/empfehlungen-fuer-reisende\/quarantaene-einreisende.html#-2060676916\">bag.admin.ch<\/a><\/p>\n<p>&nbsp;<\/p>\n","protected":false},"excerpt":{"rendered":"<p>Le Conseil f\u00e9d\u00e9ral a adapt\u00e9 la liste des \u00c9tats et des territoires pr\u00e9sentant un risque \u00e9lev\u00e9 d\u2019infection, avec effet au 20 ao\u00fbt 2020 \u00e0 0 h. Parmi les ajouts figurent notamment l\u2019Albanie, les Bal\u00e9ares et la Belgique. Quarantaine obligatoire : liste des \u00c9tats et des territoires Les \u00c9tats et territoires concern\u00e9s sont d\u00e9finis dans l\u2019ordonnance [&hellip;]<\/p>\n","protected":false},"author":6,"featured_media":396228,"comment_status":"open","ping_status":"open","sticky":false,"template":"","format":"standard","meta":{"footnotes":""},"categories":[3943,18826,22521,24630,1159,1170],"tags":[1671],"vendi":[],"content_country":[31835,31838],"class_list":["post-401325","post","type-post","status-publish","format-standard","has-post-thumbnail","hentry","category-shqiperia-fr","category-lajme-jeta-ne-zvicer-fr","category-coronavirus-minutes-par-minutes","category-nouvelles","category-ch-balkans","category-vivre-en-suisse","tag-zvicer-fr","content_country-austria-fr","content_country-germany-fr"],"acf":[],"_links":{"self":[{"href":"https:\/\/www.albinfo.at\/fr\/wp-json\/wp\/v2\/posts\/401325","targetHints":{"allow":["GET"]}}],"collection":[{"href":"https:\/\/www.albinfo.at\/fr\/wp-json\/wp\/v2\/posts"}],"about":[{"href":"https:\/\/www.albinfo.at\/fr\/wp-json\/wp\/v2\/types\/post"}],"author":[{"embeddable":true,"href":"https:\/\/www.albinfo.at\/fr\/wp-json\/wp\/v2\/users\/6"}],"replies":[{"embeddable":true,"href":"https:\/\/www.albinfo.at\/fr\/wp-json\/wp\/v2\/comments?post=401325"}],"version-history":[{"count":0,"href":"https:\/\/www.albinfo.at\/fr\/wp-json\/wp\/v2\/posts\/401325\/revisions"}],"wp:featuredmedia":[{"embeddable":true,"href":"https:\/\/www.albinfo.at\/fr\/wp-json\/wp\/v2\/media\/396228"}],"wp:attachment":[{"href":"https:\/\/www.albinfo.at\/fr\/wp-json\/wp\/v2\/media?parent=401325"}],"wp:term":[{"taxonomy":"category","embeddable":true,"href":"https:\/\/www.albinfo.at\/fr\/wp-json\/wp\/v2\/categories?post=401325"},{"taxonomy":"post_tag","embeddable":true,"href":"https:\/\/www.albinfo.at\/fr\/wp-json\/wp\/v2\/tags?post=401325"},{"taxonomy":"vendi","embeddable":true,"href":"https:\/\/www.albinfo.at\/fr\/wp-json\/wp\/v2\/vendi?post=401325"},{"taxonomy":"content_country","embeddable":true,"href":"https:\/\/www.albinfo.at\/fr\/wp-json\/wp\/v2\/content_country?post=401325"}],"curies":[{"name":"wp","href":"https:\/\/api.w.org\/{rel}","templated":true}]}}