{"id":396864,"date":"2020-07-29T17:15:38","date_gmt":"2020-07-29T15:15:38","guid":{"rendered":"https:\/\/www.albinfo.ch\/?p=396864"},"modified":"2020-07-30T00:15:20","modified_gmt":"2020-07-29T22:15:20","slug":"la-confederation-emet-un-avertissement-pour-la-canicule","status":"publish","type":"post","link":"https:\/\/www.albinfo.at\/fr\/la-confederation-emet-un-avertissement-pour-la-canicule\/","title":{"rendered":"La Conf\u00e9d\u00e9ration \u00e9met un avertissement pour la canicule"},"content":{"rendered":"<p><strong>Une vague de chaleur est attendue en plaine au Sud des Alpes, dans la plaine du Rh\u00f4ne du Valais et dans la r\u00e9gion de Gen\u00e8ve jusqu&#8217;\u00e0 samedi soir &#8211; avec des temp\u00e9ra-tures maximales s&#8217;\u00e9levant jusqu&#8217;\u00e0 38\u00b0 Celsius pendant la phase la plus intense, ven-dredi et samedi. Il fera \u00e9galement tr\u00e8s chaud en Suisse al\u00e9manique. Pour certains groupes de population, les temp\u00e9ratures \u00e9lev\u00e9es peuvent pr\u00e9senter un risque pour la sant\u00e9.<\/strong><\/p>\n<h2>Situation actuelle<\/h2>\n<p>Sur le flanc ouest d\u2019un anticyclone centr\u00e9 sur la mer M\u00e9diterran\u00e9e, le courant de sud-ouest entra\u00eene de l\u2019air tr\u00e8s chaud d\u2019origine subtropicale vers le Sud des Alpes et la partie sud de la Suisse romande.<\/p>\n<h2>Pr\u00e9visions<\/h2>\n<p>Sur\u00a0<strong>le versant sud des Alpes<\/strong>, la temp\u00e9rature maximale atteint 33 degr\u00e9s mercredi, l&#8217;indice de chaleur d\u00e9passe le seuil d&#8217;alerte de 90. \u00c0 partir de jeudi, l&#8217;anticyclone sur la M\u00e9diterran\u00e9e s&#8217;intensifiera et s&#8217;\u00e9tendra \u00e0 toute la r\u00e9gion alpine. Cela provoquera une nouvelle augmenta-tion de la temp\u00e9rature dans tout le pays. Pendant cette phase plus intense de l&#8217;\u00e9v\u00e9nement, de vendredi midi \u00e0 samedi soir, la temp\u00e9rature maximale en plaine au Sud des Alpes attein-dra 34 \u00e0 36 degr\u00e9s avec une humidit\u00e9 relative de 35 \u00e0 45 %. Pendant la nuit, la temp\u00e9rature minimale se situera entre 20 et 23 degr\u00e9s Celsius, probablement m\u00eame un peu plus au c\u0153ur des villes. \u00c0 partir de dimanche apr\u00e8s-midi, l&#8217;activit\u00e9 orageuse devrait augmenter avec l\u2019arriv\u00e9e d\u2019une masse d&#8217;air un peu plus frais. Cela devrait mettre fin \u00e0 la vague de chaleur de cinq jours.<\/p>\n<p>\u00c0 partir de jeudi, la canicule touchera \u00e9galement\u00a0<strong>le bassin l\u00e9manique et la plaine valai-sanne<\/strong>. Elle devrait se terminer samedi soir avec l&#8217;arriv\u00e9e d&#8217;une perturbation orageuse. Bien que la vague de chaleur soit un peu plus courte dans ce cas, elle sera tr\u00e8s intense : la tem-p\u00e9rature maximale vendredi et samedi se situera entre 36 et 38 degr\u00e9s et en fin de nuit, la temp\u00e9rature ne baissera pas en dessous de 18 \u00e0 22 degr\u00e9s. Dans les villes, la temp\u00e9rature minimale restera probablement un peu plus \u00e9lev\u00e9e.<\/p>\n<p>Il n&#8217;y aura pas d&#8217;alerte canicule pour\u00a0<strong>la Suisse al\u00e9manique<\/strong>\u00a0car l&#8217;air sera trop sec jeudi, ce qui signifie que la valeur seuil utilis\u00e9e par M\u00e9t\u00e9oSuisse pour un avertissement de canicule de degr\u00e9 3 (indice de chaleur de 90 ou plus sur au moins trois jours cons\u00e9cutifs) ne sera pas atteinte, m\u00eame s&#8217;il fera tr\u00e8s chaud, en particulier vendredi et samedi.<\/p>\n<h2>Comportement en cas de canicule<\/h2>\n<p>C&#8217;est la saison des vacances, et de nombreuses personnes s\u00e9journent dans les r\u00e9gions tou-ristiques du Tessin, du Valais et du lac L\u00e9man. Lors de notre f\u00eate nationale, samedi, de nombreuses personnes seront en plein air dans toute la Suisse.<\/p>\n<p>Des temp\u00e9ratures \u00e9lev\u00e9es peuvent avoir des effets sur la sant\u00e9 et diminuer les perfor-mances physiques et intellectuelles. Parmi les groupes \u00e0 risque se trouvent avant tout les personnes \u00e2g\u00e9es, les malades (chroniques), les femmes enceintes, ainsi que les enfants en bas \u00e2ge. Ils n\u00e9cessitent une attention accrue et des soins, si n\u00e9cessaire.<\/p>\n<p>Les recommandations les plus importantes pour se prot\u00e9ger de la chaleur sont :<\/p>\n<ul>\n<li>Eviter les activit\u00e9s physiques au plus chaud de la journ\u00e9e<\/li>\n<li>Maintenir les habitations et le corps le plus frais possible<\/li>\n<li>Boire beaucoup d\u2018eau (au moins 1.5 litre par jour)<\/li>\n<li>Prendre des repas froids, rafra\u00eechissants<\/li>\n<li>Compenser la perte de sel pendant et apr\u00e8s les activit\u00e9s sportives<\/li>\n<\/ul>\n<p>En cas de sympt\u00f4mes, comme par exemple un pouls plus \u00e9lev\u00e9, des faiblesses, maux de t\u00eate, confusion, vertiges, naus\u00e9e ou diarrh\u00e9e, il faut prendre des mesures : \u00e9tendre la per-sonne concern\u00e9e et refroidir son corps. Si elle est consciente, lui faire absorber de l\u2019eau fra\u00eeche. Si ces mesures n\u2019entra\u00eenent pas d\u2019am\u00e9lioration, il faut rechercher une aide m\u00e9di-cale.<\/p>\n","protected":false},"excerpt":{"rendered":"<p> Il fera \u00e9galement tr\u00e8s chaud en Suisse al\u00e9manique. Pour certains groupes de population, les temp\u00e9ratures \u00e9lev\u00e9es peuvent pr\u00e9senter un risque pour la sant\u00e9<\/p>\n","protected":false},"author":4,"featured_media":288101,"comment_status":"open","ping_status":"open","sticky":false,"template":"","format":"standard","meta":{"footnotes":""},"categories":[1171,1170],"tags":[1671],"vendi":[],"content_country":[31835,31838],"class_list":["post-396864","post","type-post","status-publish","format-standard","has-post-thumbnail","hentry","category-thematique","category-vivre-en-suisse","tag-zvicer-fr","content_country-austria-fr","content_country-germany-fr"],"acf":[],"_links":{"self":[{"href":"https:\/\/www.albinfo.at\/fr\/wp-json\/wp\/v2\/posts\/396864","targetHints":{"allow":["GET"]}}],"collection":[{"href":"https:\/\/www.albinfo.at\/fr\/wp-json\/wp\/v2\/posts"}],"about":[{"href":"https:\/\/www.albinfo.at\/fr\/wp-json\/wp\/v2\/types\/post"}],"author":[{"embeddable":true,"href":"https:\/\/www.albinfo.at\/fr\/wp-json\/wp\/v2\/users\/4"}],"replies":[{"embeddable":true,"href":"https:\/\/www.albinfo.at\/fr\/wp-json\/wp\/v2\/comments?post=396864"}],"version-history":[{"count":0,"href":"https:\/\/www.albinfo.at\/fr\/wp-json\/wp\/v2\/posts\/396864\/revisions"}],"wp:featuredmedia":[{"embeddable":true,"href":"https:\/\/www.albinfo.at\/fr\/wp-json\/wp\/v2\/media\/288101"}],"wp:attachment":[{"href":"https:\/\/www.albinfo.at\/fr\/wp-json\/wp\/v2\/media?parent=396864"}],"wp:term":[{"taxonomy":"category","embeddable":true,"href":"https:\/\/www.albinfo.at\/fr\/wp-json\/wp\/v2\/categories?post=396864"},{"taxonomy":"post_tag","embeddable":true,"href":"https:\/\/www.albinfo.at\/fr\/wp-json\/wp\/v2\/tags?post=396864"},{"taxonomy":"vendi","embeddable":true,"href":"https:\/\/www.albinfo.at\/fr\/wp-json\/wp\/v2\/vendi?post=396864"},{"taxonomy":"content_country","embeddable":true,"href":"https:\/\/www.albinfo.at\/fr\/wp-json\/wp\/v2\/content_country?post=396864"}],"curies":[{"name":"wp","href":"https:\/\/api.w.org\/{rel}","templated":true}]}}