{"id":395478,"date":"2020-07-22T17:42:02","date_gmt":"2020-07-22T15:42:02","guid":{"rendered":"https:\/\/www.albinfo.ch\/?p=395478"},"modified":"2020-07-22T17:42:02","modified_gmt":"2020-07-22T15:42:02","slug":"la-presidente-de-la-confederation-recue-en-visite-detat-en-ukraine","status":"publish","type":"post","link":"https:\/\/www.albinfo.at\/fr\/la-presidente-de-la-confederation-recue-en-visite-detat-en-ukraine\/","title":{"rendered":"La pr\u00e9sidente de la Conf\u00e9d\u00e9ration re\u00e7ue en visite d\u2019\u00c9tat en Ukraine"},"content":{"rendered":"<p>La pr\u00e9sidente de la Conf\u00e9d\u00e9ration Simonetta Sommaruga a men\u00e9 des entretiens officiels avec le pr\u00e9sident ukrainien Volodymyr Zelenskyy mardi 21 juillet 2020 dans le cadre de sa visite en Ukraine. Il s\u2019agit de la premi\u00e8re visite pr\u00e9sidentielle bilat\u00e9rale de la Suisse en Ukraine. Les deux pays se sont f\u00e9licit\u00e9s de leur tr\u00e8s bonne collaboration et ont soulign\u00e9 le grand potentiel de d\u00e9veloppement d\u2019\u00e9changes \u00e9conomiques, en particulier. La situation en Ukraine, notamment dans l\u2019Est du pays, et des sujets internationaux tels que la pand\u00e9mie de coronavirus ont occup\u00e9 une grande partie des discussions.<\/p>\n<p>La Suisse soutient la transition \u00e9conomique et sociale en Ukraine et le renforcement des institutions. En lan\u00e7ant au printemps un nouveau programme de coop\u00e9ration pour les ann\u00e9es 2020 \u00e0 2023, la Suisse a soulign\u00e9 qu\u2019elle \u00e9tait dispos\u00e9e \u00e0 continuer d\u2019accompagner l\u2019Ukraine dans son processus de r\u00e9forme et \u00e0 apporter une contribution \u00e0 une r\u00e9solution pacifique du conflit dans l\u2019Est du pays. La Suisse est le cinqui\u00e8me plus grand donateur en Ukraine et elle figure \u00e9galement au cinqui\u00e8me rang en ce qui concerne les investissements priv\u00e9s.<\/p>\n<p>Lors des entretiens officiels, les deux parties ont soulign\u00e9 le potentiel d\u2019une coop\u00e9ration bilat\u00e9rale encore plus \u00e9troite. La pr\u00e9sidente de la Conf\u00e9d\u00e9ration a salu\u00e9 les r\u00e9formes entreprises \u00e0 ce jour pour renforcer l\u2019\u00c9tat de droit. Elle a confirm\u00e9 que la Suisse entendait continuer \u00e0 soutenir l\u2019Ukraine dans sa lutte contre la corruption. Quatre conventions ont \u00e9t\u00e9 sign\u00e9es mardi : un m\u00e9morandum g\u00e9n\u00e9ral de coop\u00e9ration, un protocole additionnel \u00e0 l\u2019accord de r\u00e9admission des ressortissants, une d\u00e9claration d\u2019intention sur l\u2019organisation en Suisse en 2022, d\u2019une conf\u00e9rence sur les r\u00e9formes en Ukraine et un accord sur le soutien dans la lutte contre la corruption.<\/p>\n<p>Au cours des \u00e9changes sur la situation dans l\u2019Est de l\u2019Ukraine, la pr\u00e9sidente de la Conf\u00e9d\u00e9ration a d\u00e9crit comment la Suisse s\u2019engageait pour soutenir une r\u00e9solution pacifique du conflit et a soulign\u00e9 qu\u2019il s\u2019agissait d\u2019une priorit\u00e9 de la politique de paix de la Suisse. Elle a salu\u00e9 le fait qu\u2019il y avait aussi r\u00e9guli\u00e8rement des signaux positifs, tels que l\u2019\u00e9change de prisonniers en avril. Les n\u00e9gociations men\u00e9es par le Groupe de contact trilat\u00e9ral (Ukraine, Russie, Organisation pour la s\u00e9curit\u00e9 et la coop\u00e9ration en Europe) sont dirig\u00e9es depuis janvier 2020 par l\u2019ambassadrice suisse Heidi Grau en sa qualit\u00e9 de repr\u00e9sentante sp\u00e9ciale de l\u2019OSCE.<\/p>\n<p>Outre son action en mati\u00e8re de politique de paix, la Suisse s\u2019investit \u00e9galement en Ukraine en faveur du respect des droits de l\u2019homme, y compris dans les territoires qui \u00e9chappent au contr\u00f4le du gouvernement. La pr\u00e9sidente de la Conf\u00e9d\u00e9ration a par ailleurs rappel\u00e9 que, du point de vue de la Suisse, l\u2019annexion de la Crim\u00e9e constitue une violation du droit international.<\/p>\n<p>Des sujets internationaux tels que le changement climatique ont \u00e9galement \u00e9t\u00e9 abord\u00e9s au cours des entretiens de ce mardi. La pr\u00e9sidente de la Conf\u00e9d\u00e9ration a relev\u00e9 \u00e0 cet \u00e9gard que les entreprises suisses disposent d\u2019un savoir-faire dans les domaines du climat, des transports et de l\u2019\u00e9nergie qui pourrait servir \u00e0 l\u2019Ukraine. Sur le front de la pand\u00e9mie de COVID-19, les deux parties ont salu\u00e9 leur collaboration, notamment du point de vue \u00e9conomique, qui a derni\u00e8rement permis de produire des respirateurs \u00e0 bas prix.<\/p>\n<p><strong>Suite du programme : visite dans l\u2019Est de l\u2019Ukraine<\/strong><\/p>\n<p>Des rencontres avec le premier ministre Denys Shmyhal et le pr\u00e9sident du Parlement Dmytro Razumkov sont pr\u00e9vues dans l\u2019apr\u00e8s-midi. La pr\u00e9sidente de la Conf\u00e9d\u00e9ration participera par ailleurs \u00e0 une manifestation avec des repr\u00e9sentants du monde \u00e9conomique ukrainien et visitera plusieurs entreprises sp\u00e9cialis\u00e9es dans les technologies vertes. La d\u00e9l\u00e9gation officielle suisse sera accompagn\u00e9e \u00e0 Kyiv par une petite d\u00e9l\u00e9gation \u00e9conomique et scientifique comptant des repr\u00e9sentants des domaines de l\u2019\u00e9nergie, des infrastructures et de l\u2019innovation. Mercredi 22 juillet, le programme pr\u00e9voit des entretiens avec des ministres et des repr\u00e9sentants de la soci\u00e9t\u00e9 civile ukrainienne.<\/p>\n<p>Jeudi 23 juillet, la pr\u00e9sidente de la Conf\u00e9d\u00e9ration se rendra dans l\u2019Est de l\u2019Ukraine. Elle s\u2019y informera de la situation actuelle, notamment aupr\u00e8s d\u2019autorit\u00e9s locales et d\u2019experts de l\u2019aide humanitaire et de la politique de d\u00e9veloppement. Elle visitera par ailleurs une station de traitement de l\u2019eau, qui est soutenue par la Suisse et qui approvisionne la population des deux c\u00f4t\u00e9s de la ligne de contact, et un point de passage pour la population civile sur la ligne de contact.<\/p>\n","protected":false},"excerpt":{"rendered":"<p>La pr\u00e9sidente de la Conf\u00e9d\u00e9ration a salu\u00e9 les r\u00e9formes entreprises \u00e0 ce jour pour renforcer l\u2019\u00c9tat de droit. Elle a confirm\u00e9 que la Suisse entendait continuer \u00e0 soutenir l\u2019Ukraine dans sa lutte contre la corruption<\/p>\n","protected":false},"author":4,"featured_media":395476,"comment_status":"open","ping_status":"open","sticky":false,"template":"","format":"standard","meta":{"footnotes":""},"categories":[1171,1170],"tags":[],"vendi":[],"content_country":[],"class_list":["post-395478","post","type-post","status-publish","format-standard","has-post-thumbnail","hentry","category-thematique","category-vivre-en-suisse"],"acf":[],"_links":{"self":[{"href":"https:\/\/www.albinfo.at\/fr\/wp-json\/wp\/v2\/posts\/395478","targetHints":{"allow":["GET"]}}],"collection":[{"href":"https:\/\/www.albinfo.at\/fr\/wp-json\/wp\/v2\/posts"}],"about":[{"href":"https:\/\/www.albinfo.at\/fr\/wp-json\/wp\/v2\/types\/post"}],"author":[{"embeddable":true,"href":"https:\/\/www.albinfo.at\/fr\/wp-json\/wp\/v2\/users\/4"}],"replies":[{"embeddable":true,"href":"https:\/\/www.albinfo.at\/fr\/wp-json\/wp\/v2\/comments?post=395478"}],"version-history":[{"count":0,"href":"https:\/\/www.albinfo.at\/fr\/wp-json\/wp\/v2\/posts\/395478\/revisions"}],"wp:featuredmedia":[{"embeddable":true,"href":"https:\/\/www.albinfo.at\/fr\/wp-json\/wp\/v2\/media\/395476"}],"wp:attachment":[{"href":"https:\/\/www.albinfo.at\/fr\/wp-json\/wp\/v2\/media?parent=395478"}],"wp:term":[{"taxonomy":"category","embeddable":true,"href":"https:\/\/www.albinfo.at\/fr\/wp-json\/wp\/v2\/categories?post=395478"},{"taxonomy":"post_tag","embeddable":true,"href":"https:\/\/www.albinfo.at\/fr\/wp-json\/wp\/v2\/tags?post=395478"},{"taxonomy":"vendi","embeddable":true,"href":"https:\/\/www.albinfo.at\/fr\/wp-json\/wp\/v2\/vendi?post=395478"},{"taxonomy":"content_country","embeddable":true,"href":"https:\/\/www.albinfo.at\/fr\/wp-json\/wp\/v2\/content_country?post=395478"}],"curies":[{"name":"wp","href":"https:\/\/api.w.org\/{rel}","templated":true}]}}