{"id":395312,"date":"2020-07-21T23:30:23","date_gmt":"2020-07-21T21:30:23","guid":{"rendered":"https:\/\/www.albinfo.ch\/?p=395312"},"modified":"2020-07-21T23:02:30","modified_gmt":"2020-07-21T21:02:30","slug":"sensibilisation-sur-la-traite-des-etres-humains-aux-fins-dexploitation-du-travail","status":"publish","type":"post","link":"https:\/\/www.albinfo.at\/fr\/sensibilisation-sur-la-traite-des-etres-humains-aux-fins-dexploitation-du-travail\/","title":{"rendered":"Sensibilisation sur la traite des \u00eatres humains aux fins d\u2019exploitation du travail"},"content":{"rendered":"<p>Le Secr\u00e9tariat d&#8217;Etat \u00e0 l&#8217;\u00e9conomie (SECO) a lanc\u00e9 le 20 juillet 2020 une campagne d\u2019information sur la traite des \u00eatres humains aux fins d\u2019exploitation du travail. Le SECO veut sensibiliser les inspecteurs du travail et les inspecteurs du march\u00e9 du travail et leur donner des outils pratiques pour identifier des victimes potentielles.<\/p>\n<p>La traite des \u00eatres humains aux fins de l\u2019exploitation du travail est condamn\u00e9e p\u00e9nalement en Suisse. Elle consiste \u00e0 recruter des personnes ou \u00e0 en faire le commerce dans le but de les exploiter pour leur travail. Selon les statistiques polici\u00e8res de la criminalit\u00e9, la police suisse a saisi 99 cas d\u2019infractions concernant la traite des \u00eatres humains en 2019. Celles-ci comprennent toutes les formes d\u2019exploitation : exploitation du travail, exploitation sexuelle et trafic d\u2019organes.<\/p>\n<p>Le SECO s\u2019engage \u00e0 sensibiliser les inspecteurs du travail et les inspecteurs du march\u00e9 du travail \u00e0 cette th\u00e9matique. Gr\u00e2ce \u00e0 leurs activit\u00e9s d&#8217;inspection, ces acteurs ont une connaissance approfondie des entreprises. Ainsi, ils jouent un r\u00f4le important dans l\u2019identification de victimes potentielles et donc dans la lutte contre la traite des \u00eatres humains aux fins de l\u2019exploitation du travail. De par ses obligations internationales, la Suisse doit prendre des mesures pour lutter contre le travail forc\u00e9 et la traite des \u00eatres humains. Le \u00ab Plan d\u2019action national contre la traite des \u00eatres humains \u00bb offre un cadre coh\u00e9rent d\u2019action de la Conf\u00e9d\u00e9ration dans cette lutte. Il pr\u00e9voit des mesures pour sensibiliser les inspecteurs du travail.<\/p>\n<p>La Direction du travail du SECO d\u00e9bute sa campagne de sensibilisation le 20 juillet 2020 par la publication d\u2019une brochure d\u2019information contenant des outils pratiques.<\/p>\n","protected":false},"excerpt":{"rendered":"<p>Selon les statistiques polici\u00e8res de la criminalit\u00e9, la police suisse a saisi 99 cas d\u2019infractions concernant la traite des \u00eatres humains en 2019<\/p>\n","protected":false},"author":4,"featured_media":374730,"comment_status":"open","ping_status":"open","sticky":false,"template":"","format":"standard","meta":{"footnotes":""},"categories":[1171,1170],"tags":[],"vendi":[],"content_country":[],"class_list":["post-395312","post","type-post","status-publish","format-standard","has-post-thumbnail","hentry","category-thematique","category-vivre-en-suisse"],"acf":[],"_links":{"self":[{"href":"https:\/\/www.albinfo.at\/fr\/wp-json\/wp\/v2\/posts\/395312","targetHints":{"allow":["GET"]}}],"collection":[{"href":"https:\/\/www.albinfo.at\/fr\/wp-json\/wp\/v2\/posts"}],"about":[{"href":"https:\/\/www.albinfo.at\/fr\/wp-json\/wp\/v2\/types\/post"}],"author":[{"embeddable":true,"href":"https:\/\/www.albinfo.at\/fr\/wp-json\/wp\/v2\/users\/4"}],"replies":[{"embeddable":true,"href":"https:\/\/www.albinfo.at\/fr\/wp-json\/wp\/v2\/comments?post=395312"}],"version-history":[{"count":0,"href":"https:\/\/www.albinfo.at\/fr\/wp-json\/wp\/v2\/posts\/395312\/revisions"}],"wp:featuredmedia":[{"embeddable":true,"href":"https:\/\/www.albinfo.at\/fr\/wp-json\/wp\/v2\/media\/374730"}],"wp:attachment":[{"href":"https:\/\/www.albinfo.at\/fr\/wp-json\/wp\/v2\/media?parent=395312"}],"wp:term":[{"taxonomy":"category","embeddable":true,"href":"https:\/\/www.albinfo.at\/fr\/wp-json\/wp\/v2\/categories?post=395312"},{"taxonomy":"post_tag","embeddable":true,"href":"https:\/\/www.albinfo.at\/fr\/wp-json\/wp\/v2\/tags?post=395312"},{"taxonomy":"vendi","embeddable":true,"href":"https:\/\/www.albinfo.at\/fr\/wp-json\/wp\/v2\/vendi?post=395312"},{"taxonomy":"content_country","embeddable":true,"href":"https:\/\/www.albinfo.at\/fr\/wp-json\/wp\/v2\/content_country?post=395312"}],"curies":[{"name":"wp","href":"https:\/\/api.w.org\/{rel}","templated":true}]}}