{"id":395293,"date":"2020-07-21T22:40:59","date_gmt":"2020-07-21T20:40:59","guid":{"rendered":"https:\/\/www.albinfo.ch\/?p=395293"},"modified":"2020-07-21T22:40:59","modified_gmt":"2020-07-21T20:40:59","slug":"cyberdialogue-la-suisse-et-les-etats-unis-en-faveur-dun-cyberespace-ouvert-et-sur","status":"publish","type":"post","link":"https:\/\/www.albinfo.at\/fr\/cyberdialogue-la-suisse-et-les-etats-unis-en-faveur-dun-cyberespace-ouvert-et-sur\/","title":{"rendered":"Cyberdialogue: la Suisse et les \u00c9tats-Unis en faveur d\u2019un cyberespace ouvert et s\u00fbr"},"content":{"rendered":"<p>Le jeudi 9 juillet 2020, la Suisse et les \u00c9tats-Unis ont tenu leur premier cyberdialogue en ligne. Les deux pays \u0153uvrent ensemble en faveur d\u2019un cyberespace ouvert et s\u00fbr. Lors de cet \u00e9change bilat\u00e9ral, la Suisse \u00e9tait repr\u00e9sent\u00e9e par le DFAE, le DFF avec le D\u00e9l\u00e9gu\u00e9 f\u00e9d\u00e9ral \u00e0 la cybers\u00e9curit\u00e9, le DDPS, l\u2019OFCOM et fedpol. Compte tenu de l\u2019actualit\u00e9, l\u2019application de tra\u00e7age SwissCovid a suscit\u00e9 un grand int\u00e9r\u00eat.<\/p>\n<p>Enseignement \u00e0 la maison, paiement Twint, application de tra\u00e7age: la pand\u00e9mie de COVID-19 a clairement montr\u00e9 toute l\u2019importance des technologies innovantes pour g\u00e9rer des crises mondiales au niveau multilat\u00e9ral et la vitesse fulgurante \u00e0 laquelle progresse la num\u00e9risation. La Suisse est reconnue au niveau international pour son activit\u00e9 scientifique et sa force d&#8217;innovation. Afin d\u2019encourager les \u00e9changes bilat\u00e9raux, la Suisse a tenu son premier cyberdialogue avec les \u00c9tats-Unis le jeudi 9 juillet. Compte tenu des dispositions actuelles relatives au nouveau coronavirus, une partie de l&#8217;\u00e9change a eu lieu sous forme num\u00e9rique &#8211; l&#8217;ambassade des \u00c9tats-Unis \u00e0 Berne a organis\u00e9 un \u00e9change vid\u00e9o avec Washington. Les \u00c9tats-Unis sont un interlocuteur important de la Suisse pour les questions relatives au cyberespace. Les deux pays \u0153uvrent ensemble en faveur d\u2019un cyberespace libre, ouvert et s\u00fbr.<\/p>\n<p>La num\u00e9risation ignore les fronti\u00e8res nationales ou d\u00e9partementales<br \/>\nNi COVID-19 ni la num\u00e9risation ne connaissent les fronti\u00e8res nationales et ont cess\u00e9 depuis longtemps de pouvoir \u00eatre trait\u00e9s au sein du d\u00e9partement, comme le souligne la cr\u00e9ation du Centre national de la s\u00e9curit\u00e9 cybern\u00e9tique (CNSS). La coop\u00e9ration interd\u00e9partementale et internationale est essentielle pour rendre le cyberespace suisse plus s\u00fbr, pr\u00e9server l&#8217;ouverture d&#8217;Internet et exploiter le potentiel \u00e9conomique de la Suisse. C\u2019est ce qui explique la composition h\u00e9t\u00e9roclite de la liste des participants \u00e0 ce premier \u00e9change.<\/p>\n<p>Le D\u00e9partement f\u00e9d\u00e9ral des affaires \u00e9trang\u00e8res (DFAE) est responsable de la mise en \u0153uvre de la Strat\u00e9gie nationale pour la protection de la Suisse contre les risques cybern\u00e9tiques (SNPC). En outre, la d\u00e9l\u00e9gation suisse \u00e9tait repr\u00e9sent\u00e9e par le D\u00e9l\u00e9gu\u00e9 f\u00e9d\u00e9ral \u00e0 la cybers\u00e9curit\u00e9 et des repr\u00e9sentants du D\u00e9partement f\u00e9d\u00e9ral de la d\u00e9fense, de la protection de la population et des sports (DDPS), de l&#8217;Office f\u00e9d\u00e9ral de la communication (OFCOM) et de l&#8217;Office f\u00e9d\u00e9ral de la police (fedpol). Du c\u00f4t\u00e9 am\u00e9ricain, des repr\u00e9sentants du Conseil national de s\u00e9curit\u00e9, du minist\u00e8re de la s\u00e9curit\u00e9 int\u00e9rieure, du minist\u00e8re de la d\u00e9fense, du minist\u00e8re de la justice, du FBI et du minist\u00e8re des affaires \u00e9trang\u00e8res ont pris part au dialogue bilat\u00e9ral.<\/p>\n<p>L&#8217;application suisse de tra\u00e7age, un projet exemplaire<br \/>\nLe large \u00e9ventail de participants refl\u00e8te la multidimensionnalit\u00e9 de la question. La num\u00e9risation n\u2019est pas un ph\u00e9nom\u00e8ne en soi, mais plut\u00f4t une \u00e9volution qui a un impact sur tous les aspects de notre quotidien et de notre vivre-ensemble. Outre la s\u00e9curit\u00e9 de la communication mobile et une meilleure protection des infrastructures de communication, la coop\u00e9ration en mati\u00e8re de poursuite p\u00e9nale dans le domaine de la cybercriminalit\u00e9 et de la cybers\u00e9curit\u00e9, en particulier, a occup\u00e9 une large place dans cet \u00e9change. Enfin, la mise en \u0153uvre technologique de l\u2019application de tra\u00e7age SwissCovid a suscit\u00e9 un grand int\u00e9r\u00eat. L\u2019application SwissCovid pour t\u00e9l\u00e9phones portables est un compl\u00e9ment num\u00e9rique au syst\u00e8me de suivi cantonal classique et doit contribuer \u00e0 endiguer la propagation incontr\u00f4l\u00e9e du nouveau coronavirus.<\/p>\n<p>Si les sujets d\u2019actualit\u00e9 li\u00e9s au nouveau coronavirus et les possibilit\u00e9s qu\u2019offre la num\u00e9risation dans la lutte contre la pand\u00e9mie ont \u00e9t\u00e9 au c\u0153ur de cet \u00e9change, le cyberdialogue doit aussi offrir une plateforme d\u2019\u00e9change durable entre la Suisse et les \u00c9tats-Unis. D\u2019une part, l\u2019organisation de cyberdialogues bilat\u00e9raux fait partie int\u00e9grante de la strat\u00e9gie nationale de protection de la Suisse contre les cyberrisques (SNPC), adopt\u00e9e par le Conseil f\u00e9d\u00e9ral en 2018.<\/p>\n","protected":false},"excerpt":{"rendered":"<p>Afin d\u2019encourager les \u00e9changes bilat\u00e9raux, la Suisse a tenu son premier cyberdialogue avec les \u00c9tats-Unis le jeudi 9 juillet<\/p>\n","protected":false},"author":4,"featured_media":395289,"comment_status":"open","ping_status":"open","sticky":false,"template":"","format":"standard","meta":{"footnotes":""},"categories":[1171,1170],"tags":[],"vendi":[],"content_country":[],"class_list":["post-395293","post","type-post","status-publish","format-standard","has-post-thumbnail","hentry","category-thematique","category-vivre-en-suisse"],"acf":[],"_links":{"self":[{"href":"https:\/\/www.albinfo.at\/fr\/wp-json\/wp\/v2\/posts\/395293","targetHints":{"allow":["GET"]}}],"collection":[{"href":"https:\/\/www.albinfo.at\/fr\/wp-json\/wp\/v2\/posts"}],"about":[{"href":"https:\/\/www.albinfo.at\/fr\/wp-json\/wp\/v2\/types\/post"}],"author":[{"embeddable":true,"href":"https:\/\/www.albinfo.at\/fr\/wp-json\/wp\/v2\/users\/4"}],"replies":[{"embeddable":true,"href":"https:\/\/www.albinfo.at\/fr\/wp-json\/wp\/v2\/comments?post=395293"}],"version-history":[{"count":0,"href":"https:\/\/www.albinfo.at\/fr\/wp-json\/wp\/v2\/posts\/395293\/revisions"}],"wp:featuredmedia":[{"embeddable":true,"href":"https:\/\/www.albinfo.at\/fr\/wp-json\/wp\/v2\/media\/395289"}],"wp:attachment":[{"href":"https:\/\/www.albinfo.at\/fr\/wp-json\/wp\/v2\/media?parent=395293"}],"wp:term":[{"taxonomy":"category","embeddable":true,"href":"https:\/\/www.albinfo.at\/fr\/wp-json\/wp\/v2\/categories?post=395293"},{"taxonomy":"post_tag","embeddable":true,"href":"https:\/\/www.albinfo.at\/fr\/wp-json\/wp\/v2\/tags?post=395293"},{"taxonomy":"vendi","embeddable":true,"href":"https:\/\/www.albinfo.at\/fr\/wp-json\/wp\/v2\/vendi?post=395293"},{"taxonomy":"content_country","embeddable":true,"href":"https:\/\/www.albinfo.at\/fr\/wp-json\/wp\/v2\/content_country?post=395293"}],"curies":[{"name":"wp","href":"https:\/\/api.w.org\/{rel}","templated":true}]}}