{"id":392522,"date":"2020-07-09T16:36:35","date_gmt":"2020-07-09T14:36:35","guid":{"rendered":"https:\/\/www.albinfo.ch\/?p=392522"},"modified":"2020-07-09T16:36:35","modified_gmt":"2020-07-09T14:36:35","slug":"conseil-jai-la-conseillere-federale-karin-keller-sutter-sentretient-avec-ses-homologues-europeens","status":"publish","type":"post","link":"https:\/\/www.albinfo.at\/fr\/conseil-jai-la-conseillere-federale-karin-keller-sutter-sentretient-avec-ses-homologues-europeens\/","title":{"rendered":"Conseil JAI : la conseill\u00e8re f\u00e9d\u00e9rale Karin Keller-Sutter s\u2019entretient avec ses homologues europ\u00e9ens"},"content":{"rendered":"<div class=\"contentHead\"><\/div>\n<div class=\"mod mod-nsbnewsdetails\">\n<p>Cette r\u00e9union \u00e9tait la premi\u00e8re sous la pr\u00e9sidence allemande du Conseil de l\u2019UE. Les discussions ont port\u00e9 notamment sur la coop\u00e9ration en mati\u00e8re de police au niveau europ\u00e9en. La ministre de la Justice Karin Keller-Sutter a exprim\u00e9 le souhait de la Suisse de voir la coop\u00e9ration polici\u00e8re et le partage transnational d\u2019informations renforc\u00e9s. Ces outils rev\u00eatent une importance fondamentale dans la lutte contre le terrorisme, les organisations criminelles et la grande criminalit\u00e9 internationale. La conseill\u00e8re f\u00e9d\u00e9rale s\u2019est f\u00e9licit\u00e9e des efforts annonc\u00e9s par la pr\u00e9sidence allemande dans ce domaine.<\/p>\n<h3>Politique migratoire europ\u00e9enne<\/h3>\n<p>Les ministres se sont par ailleurs entretenus de diff\u00e9rents aspects de la politique migratoire europ\u00e9enne. Ils ont discut\u00e9 de la situation en M\u00e9diterran\u00e9e et de mesures envisageables pour venir en aide aux pays riverains. Madame Keller-Sutter a insist\u00e9 sur le fait que les \u00c9tats fronti\u00e8res de l\u2019espace Schengen ne pouvaient pas assumer seuls l\u2019enti\u00e8re responsabilit\u00e9 de la migration ill\u00e9gale et qu\u2019un soutien devait \u00eatre apport\u00e9 notamment aux \u00c9tats riverains de la M\u00e9diterran\u00e9e. La Suisse apporte son soutien depuis plusieurs ann\u00e9es, aussi bien de mani\u00e8re bilat\u00e9rale qu\u2019au niveau europ\u00e9en, en particulier \u00e0 la Gr\u00e8ce et \u00e0 l\u2019Italie. Elle est dispos\u00e9e \u00e0 intensifier son aide, par exemple en cas d\u2019appel concret \u00e0 l\u2019envoi de sp\u00e9cialistes pour assister l\u2019agence FRONTEX ou le Bureau europ\u00e9en d\u2019appui en mati\u00e8re d\u2019asile (EASO).<\/p>\n<p>La cheffe du DFJP a \u00e9galement r\u00e9affirm\u00e9 la n\u00e9cessit\u00e9 d\u2019une refonte durable du syst\u00e8me Dublin pour lui permettre de mieux faire face aux crises, d\u00e9plorant que cette r\u00e9forme n\u2019ait pas encore pu \u00eatre men\u00e9e \u00e0 bien. Elle a assur\u00e9 la Commission europ\u00e9enne et la pr\u00e9sidence allemande de la participation active de la Suisse dans les discussions \u00e0 venir en la mati\u00e8re.<\/p>\n<\/div>\n","protected":false},"excerpt":{"rendered":"<p>La cheffe du D\u00e9partement f\u00e9d\u00e9ral de justice et police (DFJP), la conseill\u00e8re f\u00e9d\u00e9rale Karin Keller-Sutter, s\u2019est entretenue ce 7 juillet 2020 par vid\u00e9oconf\u00e9rence avec les ministres de l\u2019Int\u00e9rieur des \u00c9tats Schengen. Les \u00e9changes ont port\u00e9 sur la coop\u00e9ration transfrontali\u00e8re des autorit\u00e9s de police et sur la politique migratoire europ\u00e9enne<\/p>\n","protected":false},"author":4,"featured_media":392520,"comment_status":"open","ping_status":"open","sticky":false,"template":"","format":"standard","meta":{"footnotes":""},"categories":[1171,1170],"tags":[],"vendi":[],"content_country":[],"class_list":["post-392522","post","type-post","status-publish","format-standard","has-post-thumbnail","hentry","category-thematique","category-vivre-en-suisse"],"acf":[],"_links":{"self":[{"href":"https:\/\/www.albinfo.at\/fr\/wp-json\/wp\/v2\/posts\/392522","targetHints":{"allow":["GET"]}}],"collection":[{"href":"https:\/\/www.albinfo.at\/fr\/wp-json\/wp\/v2\/posts"}],"about":[{"href":"https:\/\/www.albinfo.at\/fr\/wp-json\/wp\/v2\/types\/post"}],"author":[{"embeddable":true,"href":"https:\/\/www.albinfo.at\/fr\/wp-json\/wp\/v2\/users\/4"}],"replies":[{"embeddable":true,"href":"https:\/\/www.albinfo.at\/fr\/wp-json\/wp\/v2\/comments?post=392522"}],"version-history":[{"count":0,"href":"https:\/\/www.albinfo.at\/fr\/wp-json\/wp\/v2\/posts\/392522\/revisions"}],"wp:featuredmedia":[{"embeddable":true,"href":"https:\/\/www.albinfo.at\/fr\/wp-json\/wp\/v2\/media\/392520"}],"wp:attachment":[{"href":"https:\/\/www.albinfo.at\/fr\/wp-json\/wp\/v2\/media?parent=392522"}],"wp:term":[{"taxonomy":"category","embeddable":true,"href":"https:\/\/www.albinfo.at\/fr\/wp-json\/wp\/v2\/categories?post=392522"},{"taxonomy":"post_tag","embeddable":true,"href":"https:\/\/www.albinfo.at\/fr\/wp-json\/wp\/v2\/tags?post=392522"},{"taxonomy":"vendi","embeddable":true,"href":"https:\/\/www.albinfo.at\/fr\/wp-json\/wp\/v2\/vendi?post=392522"},{"taxonomy":"content_country","embeddable":true,"href":"https:\/\/www.albinfo.at\/fr\/wp-json\/wp\/v2\/content_country?post=392522"}],"curies":[{"name":"wp","href":"https:\/\/api.w.org\/{rel}","templated":true}]}}