{"id":390658,"date":"2020-06-30T23:55:34","date_gmt":"2020-06-30T21:55:34","guid":{"rendered":"https:\/\/www.albinfo.ch\/?p=390658"},"modified":"2020-06-30T23:50:24","modified_gmt":"2020-06-30T21:50:24","slug":"libre-circulation-des-personnes-en-2019-le-marche-du-travail-reste-equilibre","status":"publish","type":"post","link":"https:\/\/www.albinfo.at\/fr\/libre-circulation-des-personnes-en-2019-le-marche-du-travail-reste-equilibre\/","title":{"rendered":"Libre-circulation des personnes en 2019: Le march\u00e9 du travail reste \u00e9quilibr\u00e9"},"content":{"rendered":"<p>Avec 30&#8217;700 personnes, le solde migratoire des ressortissants de l&#8217;UE\/AELE en Suisse a l\u00e9g\u00e8rement diminu\u00e9 en 2019 par rapport \u00e0 2018, ainsi que le SECO l&#8217;a constat\u00e9 dans son 16\u00e8me rapport de l&#8217;Observatoire sur la libre-circulation des personnes. Cette \u00e9volution est accompagn\u00e9e d&#8217;un taux d&#8217;activit\u00e9 \u00e9lev\u00e9 et d&#8217;une baisse du ch\u00f4mage. Le potentiel national de main-d&#8217;\u0153uvre est quant \u00e0 lui de mieux en mieux exploit\u00e9. L&#8217;immigration contribue \u00e0 la flexibilit\u00e9 du march\u00e9 du travail et les personnes issues du regroupement familial s&#8217;y int\u00e8grent bien.<\/p>\n<p>A l&#8217;instar de ces derni\u00e8res ann\u00e9es, le r\u00f4le important jou\u00e9 par la migration issue de la libre-circulation des personnes pour l&#8217;\u00e9conomie s&#8217;est confirm\u00e9 en 2019. La demande de main-d&#8217;\u0153uvre, rest\u00e9e stable en Suisse et associ\u00e9e \u00e0 une situation \u00e9conomique favorable au sein de l&#8217;UE\/AELE, a contribu\u00e9 \u00e0 maintenir le solde migratoire des ressortissants de l&#8217;UE\/AELE a un niveau historiquement bas. L&#8217;\u00e9volution du solde migratoire de mars \u00e0 mai 2020 \u00e0 quant \u00e0 elle a \u00e9t\u00e9 marqu\u00e9e par la pand\u00e9mie de Covid-19.<\/p>\n<p>La participation sur le march\u00e9 du travail a un sommet<br \/>\nL&#8217;immigration de main-d&#8217;\u0153uvre de l&#8217;UE\/AELE vers la Suisse est toujours fortement orient\u00e9e sur les besoins de l&#8217;\u00e9conomie comme le souligne le niveau \u00e9lev\u00e9 de participation sur le march\u00e9 du travail. Le taux d&#8217;activit\u00e9 des ressortissants de l&#8217;UE \u00e9tait de 87,7 % en 2019, contre 84,3 % pour la moyenne suisse et 84,6% pour les ressortissants suisses. L&#8217;immigration dans le cadre de l&#8217;ALCP contribue donc de mani\u00e8re significative \u00e0 accro\u00eetre la participation des \u00e9trangers \u00e0 la vie active en Suisse.<\/p>\n<p>Le taux de ch\u00f4mage des personnes provenant de l&#8217;UE\/AELE reste sup\u00e9rieur \u00e0 la moyenne nationale. La concentration d&#8217;une partie de l&#8217;immigration de l&#8217;UE\/AELE dans des secteurs relativement plus touch\u00e9s par le ch\u00f4mage l&#8217;explique principalement. Le taux de ch\u00f4mage des ressortissants suisses s&#8217;est maintenu ces derni\u00e8res ann\u00e9es \u00e0 un faible niveau, il a d\u00e9cru en 2019.<\/p>\n<p>La croissance des salaires en Suisse reste globalement \u00e9quilibr\u00e9e en regard des diff\u00e9rents niveaux de formation. Le taux annuel moyen de croissance des salaires pour les r\u00e9sidents permanents \u00e9tait entre 2002 et 2018 de 1,1 % contre 1,2 % pour l&#8217;ensemble de la population active. Le salaire m\u00e9dian des Suisses reste toutefois sensiblement sup\u00e9rieur au salaire m\u00e9dian de l&#8217;ensemble des travailleurs.<\/p>\n<p>La main-d&#8217;\u0153uvre immigr\u00e9e de l&#8217;UE\/AELE contribue \u00e0 la flexibilit\u00e9 du march\u00e9 du travail<br \/>\nL\u2019immigration vers la Suisse depuis l&#8217;entr\u00e9e en vigueur de l&#8217;ALCP est fortement orient\u00e9e sur le march\u00e9 du travail: en 2019, 89% des hommes et 80 % des femmes \u00e2g\u00e9s entre 15 et 64 ans ayant immigr\u00e9 en Suisse apr\u00e8s juin 2002 exer\u00e7aient une activit\u00e9 lucrative. Leur taux d&#8217;activit\u00e9 est sup\u00e9rieur \u00e0 la moyenne et leur volume de travail est plus important que celui des autres groupes de population ce ph\u00e9nom\u00e8ne est particuli\u00e8rement visible chez les femmes immigr\u00e9es ou frontali\u00e8res: compar\u00e9es aux femmes n\u00e9es en Suisse, elles occupent plus souvent des postes \u00e0 plein temps et leur dur\u00e9e hebdomadaire de travail est en moyenne de 15% sup\u00e9rieure.<\/p>\n<p>La main d\u2019\u0153uvre immigr\u00e9e contribue positivement \u00e0 la flexibilit\u00e9 du march\u00e9 du travail. Relativement \u00e0 la population active n\u00e9e en Suisse, elle exerce plus souvent une activit\u00e9 temporaire et travaille plus souvent de nuit ou le soir. En revanche, elle travaille moins le samedi-dimanche. Elle offre en particulier un r\u00e9servoir de main d\u2019\u0153uvre flexible aux entreprises soumises aux fluctuations saisonni\u00e8res.<\/p>\n<p>Depuis son entr\u00e9e en vigueur, l\u2019ALCP a privil\u00e9gi\u00e9 l\u2019immigration de main-d\u2019\u0153uvre tr\u00e8s qualifi\u00e9e. Cependant, les Suisses se tournant vers des activit\u00e9s exigeant de plus hautes qualifications professionnelles, les entreprises ont d\u00fb recourir \u00e0 l&#8217;ALCP pour occuper certains postes exigeant un plus faible niveau de qualifications.<\/p>\n<p>Le regroupement familial, une source de main-d&#8217;\u0153uvre bien int\u00e9gr\u00e9e<br \/>\nAlors que la prise d&#8217;emploi est le moteur principal de l&#8217;immigration depuis l&#8217;UE\/AELE, le regroupement familial est quant \u00e0 lui le principal motif d&#8217;immigration depuis les Etats tiers.<\/p>\n<p>La majorit\u00e9 des membres d\u2019une famille qui rejoignent la Suisse dans le cadre d\u2019un regroupement familial sont \u00e9conomiquement ind\u00e9pendants et touchent un salaire. L\u2019int\u00e9gration sur le march\u00e9 du travail des ressortissants de l\u2019UE\/AELE qui ont immigr\u00e9 dans le cadre d\u2019un regroupement familial est plus marqu\u00e9e que celle des ressortissants des \u00c9tats tiers, tant en termes d\u2019int\u00e9gration professionnelle que de revenu.<\/p>\n<p>L\u2019int\u00e9gration professionnelle et le recours \u00e0 l\u2019aide sociale sont \u00e9troitement li\u00e9s. Seuls 3,4% des immigr\u00e9s de l\u2019UE\/AELE arriv\u00e9s en Suisse en 2009 ont eu recours \u00e0 l&#8217;aide sociale dans les huit ans suivant leur arriv\u00e9e. Le risque de devoir recourir \u00e0 l\u2019aide sociale est d\u2019autant plus faible que le niveau de formation est \u00e9lev\u00e9. Les personnes de l\u2019UE\/AELE ayant immigr\u00e9 dans le cadre d\u2019un regroupement familial et qui d\u00e9pendent de l\u2019aide sociale parviennent la plupart du temps \u00e0 s\u2019en lib\u00e9rer rapidement et \u00e0 retrouver une ind\u00e9pendance \u00e9conomique.<\/p>\n","protected":false},"excerpt":{"rendered":"<p>A l&#8217;instar de ces derni\u00e8res ann\u00e9es, le r\u00f4le important jou\u00e9 par la migration issue de la libre-circulation des personnes pour l&#8217;\u00e9conomie s&#8217;est confirm\u00e9 en 2019<\/p>\n","protected":false},"author":4,"featured_media":292290,"comment_status":"open","ping_status":"open","sticky":false,"template":"","format":"standard","meta":{"footnotes":""},"categories":[1171,1170],"tags":[],"vendi":[],"content_country":[],"class_list":["post-390658","post","type-post","status-publish","format-standard","has-post-thumbnail","hentry","category-thematique","category-vivre-en-suisse"],"acf":[],"_links":{"self":[{"href":"https:\/\/www.albinfo.at\/fr\/wp-json\/wp\/v2\/posts\/390658","targetHints":{"allow":["GET"]}}],"collection":[{"href":"https:\/\/www.albinfo.at\/fr\/wp-json\/wp\/v2\/posts"}],"about":[{"href":"https:\/\/www.albinfo.at\/fr\/wp-json\/wp\/v2\/types\/post"}],"author":[{"embeddable":true,"href":"https:\/\/www.albinfo.at\/fr\/wp-json\/wp\/v2\/users\/4"}],"replies":[{"embeddable":true,"href":"https:\/\/www.albinfo.at\/fr\/wp-json\/wp\/v2\/comments?post=390658"}],"version-history":[{"count":0,"href":"https:\/\/www.albinfo.at\/fr\/wp-json\/wp\/v2\/posts\/390658\/revisions"}],"wp:featuredmedia":[{"embeddable":true,"href":"https:\/\/www.albinfo.at\/fr\/wp-json\/wp\/v2\/media\/292290"}],"wp:attachment":[{"href":"https:\/\/www.albinfo.at\/fr\/wp-json\/wp\/v2\/media?parent=390658"}],"wp:term":[{"taxonomy":"category","embeddable":true,"href":"https:\/\/www.albinfo.at\/fr\/wp-json\/wp\/v2\/categories?post=390658"},{"taxonomy":"post_tag","embeddable":true,"href":"https:\/\/www.albinfo.at\/fr\/wp-json\/wp\/v2\/tags?post=390658"},{"taxonomy":"vendi","embeddable":true,"href":"https:\/\/www.albinfo.at\/fr\/wp-json\/wp\/v2\/vendi?post=390658"},{"taxonomy":"content_country","embeddable":true,"href":"https:\/\/www.albinfo.at\/fr\/wp-json\/wp\/v2\/content_country?post=390658"}],"curies":[{"name":"wp","href":"https:\/\/api.w.org\/{rel}","templated":true}]}}