{"id":389731,"date":"2020-06-27T00:03:51","date_gmt":"2020-06-26T22:03:51","guid":{"rendered":"https:\/\/www.albinfo.ch\/?p=389731"},"modified":"2020-06-27T00:03:51","modified_gmt":"2020-06-26T22:03:51","slug":"reunion-des-ministres-de-lenvironnement-des-pays-germanophones-la-crise-du-coronavirus-et-les-changements-climatiques-au-centre-des-discussions","status":"publish","type":"post","link":"https:\/\/www.albinfo.at\/fr\/reunion-des-ministres-de-lenvironnement-des-pays-germanophones-la-crise-du-coronavirus-et-les-changements-climatiques-au-centre-des-discussions\/","title":{"rendered":"R\u00e9union des ministres de l\u2019environnement des pays germanophones : la crise du coronavirus et les changements climatiques au centre des discussions"},"content":{"rendered":"<p>Cette ann\u00e9e, la rencontre a \u00e9t\u00e9 organis\u00e9e par la ministre liechtensteinoise de l\u2019int\u00e9rieur, de l\u2019\u00e9ducation et de l\u2019environnement Dominique Hasler. La pr\u00e9sidente de la Conf\u00e9d\u00e9ration Simonetta Sommaruga, la ministre f\u00e9d\u00e9rale allemande de l\u2019environnement, de la protection de la nature et de la s\u00e9curit\u00e9 nucl\u00e9aire Svenja Schulze, la ministre f\u00e9d\u00e9rale autrichienne de l\u2019action pour le climat, de l\u2019environnement, de l\u2019\u00e9nergie, de la mobilit\u00e9, de l\u2019innovation et de la technologie Leonore Gewessler, et la ministre luxembourgeoise de l\u2019environnement, du climat et du d\u00e9veloppement durable Carole Dieschbourg ont particip\u00e9 \u00e0 la r\u00e9union.<\/p>\n<p><strong>La pr\u00e9sidente de la Conf\u00e9d\u00e9ration Simonetta Sommaruga : \u00ab Nous devons poser les bons jalons \u00bb<\/strong><\/p>\n<p>La r\u00e9union, qui \u00e9tait initialement pr\u00e9vue en mars, a eu lieu le 25 juin 2020 par vid\u00e9oconf\u00e9rence. La gestion des cons\u00e9quences de la crise du coronavirus \u00e9tait \u00e0 l\u2019ordre du jour. La pr\u00e9sidente de la Conf\u00e9d\u00e9ration Simonetta Sommaruga a relev\u00e9 que les fonds publics destin\u00e9s \u00e0 la relance de l\u2019\u00e9conomie apr\u00e8s la pand\u00e9mie de COVID-19 devraient \u00eatre utilis\u00e9s en faveur de l\u2019environnement et de la population. \u00ab Investir dans de nouvelles technologies respectueuses du climat et dans une \u00e9lectricit\u00e9 propre et abordable produite \u00e0 partir d\u2019\u00e9nergies renouvelables permet de cr\u00e9er des emplois et de g\u00e9n\u00e9rer des contrats. Nous devons d\u00e9sormais poser les bons jalons \u00bb, a pr\u00e9cis\u00e9 la cheffe du DETEC.<\/p>\n<p><strong>Mesures de lutte contre les changements climatiques et recul de la biodiversit\u00e9<\/strong><\/p>\n<p>Les ministres ont discut\u00e9 en d\u00e9tail de mesures de lutte contre les changements climatiques. L\u2019accord sur le commerce des droits d\u2019\u00e9mission, qui est entr\u00e9 en vigueur le 1er janvier 2020, a renforc\u00e9 la coop\u00e9ration entre la Suisse et l\u2019UE dans ce domaine. En f\u00e9vrier, la Suisse a annonc\u00e9 ses objectifs climatiques au niveau international : elle a confirm\u00e9 qu\u2019elle pr\u00e9voit de baisser d\u2019ici \u00e0 2030 les \u00e9missions de gaz \u00e0 effet de serre de 50 % et d\u2019atteindre la neutralit\u00e9 climatique d\u2019ici \u00e0 2050. Les cinq ministres de l\u2019environnement ont r\u00e9affirm\u00e9 leur intention de voir tous les pays, en particulier les plus gros \u00e9metteurs de gaz \u00e0 effet de serre, soumettre leurs nouveaux objectifs climatiques \u00e0 l\u2019ONU cette ann\u00e9e encore.<\/p>\n<p>Elles ont de plus abord\u00e9 les mesures visant \u00e0 pr\u00e9server la diversit\u00e9 des esp\u00e8ces animales, v\u00e9g\u00e9tales et des habitats naturels. La Suisse soutient l\u2019objectif international en mati\u00e8re de biodiversit\u00e9 qui vise \u00e0 garantir 30 % des surfaces \u00e0 l\u2019\u00e9chelle mondiale d\u2019ici \u00e0 2030. L\u2019accent est mis sur les zones prot\u00e9g\u00e9es et les r\u00e9gions qui permettent la mise en r\u00e9seau de milieux naturels. Du point de vue de la Suisse, il est important d\u2019avoir des objectifs et des indicateurs clairement mesurables qui permettent de r\u00e9pertorier les principales causes de la perte de la biodiversit\u00e9.<\/p>\n","protected":false},"excerpt":{"rendered":"<p>Lors de leur r\u00e9union annuelle, les ministres de l\u2019environnement des pays germanophones ont r\u00e9fl\u00e9chi \u00e0 la mani\u00e8re de relancer l\u2019\u00e9conomie, qui souffre de la crise du coronavirus, tout en respectant le climat. La pr\u00e9sidente de la Conf\u00e9d\u00e9ration Simonetta Sommaruga a soulign\u00e9 que l\u2019\u00e9conomie a besoin d\u2019un nouveau d\u00e9part soutenu par des innovations syst\u00e9matiquement orient\u00e9es vers la durabilit\u00e9. En raison de la pand\u00e9mie de coronavirus, la rencontre s\u2019est d\u00e9roul\u00e9e par vid\u00e9oconf\u00e9rence<\/p>\n","protected":false},"author":4,"featured_media":364594,"comment_status":"open","ping_status":"open","sticky":false,"template":"","format":"standard","meta":{"footnotes":""},"categories":[1171,1170],"tags":[],"vendi":[],"content_country":[],"class_list":["post-389731","post","type-post","status-publish","format-standard","has-post-thumbnail","hentry","category-thematique","category-vivre-en-suisse"],"acf":[],"_links":{"self":[{"href":"https:\/\/www.albinfo.at\/fr\/wp-json\/wp\/v2\/posts\/389731","targetHints":{"allow":["GET"]}}],"collection":[{"href":"https:\/\/www.albinfo.at\/fr\/wp-json\/wp\/v2\/posts"}],"about":[{"href":"https:\/\/www.albinfo.at\/fr\/wp-json\/wp\/v2\/types\/post"}],"author":[{"embeddable":true,"href":"https:\/\/www.albinfo.at\/fr\/wp-json\/wp\/v2\/users\/4"}],"replies":[{"embeddable":true,"href":"https:\/\/www.albinfo.at\/fr\/wp-json\/wp\/v2\/comments?post=389731"}],"version-history":[{"count":0,"href":"https:\/\/www.albinfo.at\/fr\/wp-json\/wp\/v2\/posts\/389731\/revisions"}],"wp:featuredmedia":[{"embeddable":true,"href":"https:\/\/www.albinfo.at\/fr\/wp-json\/wp\/v2\/media\/364594"}],"wp:attachment":[{"href":"https:\/\/www.albinfo.at\/fr\/wp-json\/wp\/v2\/media?parent=389731"}],"wp:term":[{"taxonomy":"category","embeddable":true,"href":"https:\/\/www.albinfo.at\/fr\/wp-json\/wp\/v2\/categories?post=389731"},{"taxonomy":"post_tag","embeddable":true,"href":"https:\/\/www.albinfo.at\/fr\/wp-json\/wp\/v2\/tags?post=389731"},{"taxonomy":"vendi","embeddable":true,"href":"https:\/\/www.albinfo.at\/fr\/wp-json\/wp\/v2\/vendi?post=389731"},{"taxonomy":"content_country","embeddable":true,"href":"https:\/\/www.albinfo.at\/fr\/wp-json\/wp\/v2\/content_country?post=389731"}],"curies":[{"name":"wp","href":"https:\/\/api.w.org\/{rel}","templated":true}]}}