{"id":387922,"date":"2020-06-19T22:10:12","date_gmt":"2020-06-19T20:10:12","guid":{"rendered":"https:\/\/www.albinfo.ch\/?p=387922"},"modified":"2020-06-19T22:10:12","modified_gmt":"2020-06-19T20:10:12","slug":"impact-du-coronavirus-sur-le-travail-des-familles-et-la-garde-des-enfants-les-femmes-plus-touchees-que-les-hommes","status":"publish","type":"post","link":"https:\/\/www.albinfo.at\/fr\/impact-du-coronavirus-sur-le-travail-des-familles-et-la-garde-des-enfants-les-femmes-plus-touchees-que-les-hommes\/","title":{"rendered":"Impact du coronavirus sur le travail des familles et la garde des enfants : les femmes plus touch\u00e9es que les hommes"},"content":{"rendered":"<p>Le fait d&#8217;avoir des enfants \u00e0 charge a fortement influ\u00e9 sur la charge de travail des familles pendant la pand\u00e9mie de COVID-19. C&#8217;est ce que r\u00e9v\u00e8le une \u00e9tude r\u00e9alis\u00e9e par l&#8217;institut de recherche Sotomo sur mandat du Bureau f\u00e9d\u00e9ral de l&#8217;\u00e9galit\u00e9 entre femmes et hommes (BFEG). L&#8217;\u00e9tude d\u00e9voile par ailleurs des r\u00e9sultats tr\u00e8s diff\u00e9rents entre les femmes et les hommes.<\/p>\n<p><strong>Les m\u00e9nages avec enfants sont plus fortement touch\u00e9s<\/strong><br \/>\nLes mesures prises par le Conseil f\u00e9d\u00e9ral pour endiguer le coronavirus ont eu un impact particuli\u00e8rement important sur les personnes ayant des enfants \u00e0 charge. De nombreuses personnes exer\u00e7ant une activit\u00e9 lucrative ont d\u00fb travailler \u00e0 domicile, tandis que les \u00e9coles ont ferm\u00e9 et que les possibilit\u00e9s d&#8217;accueil extrafamilial se sont r\u00e9duites. Entre un quart et un tiers des personnes interrog\u00e9es vivant avec des enfants de moins de 16 ans ont connu une baisse de leur capacit\u00e9 de travail en raison de la garde des enfants et de l&#8217;enseignement \u00e0 domicile. Les personnes sans enfants \u00e0 charge, en revanche, sont moins nombreuses \u00e0 avoir constat\u00e9 un changement sur ce point.<\/p>\n<p>Le milieu social joue aussi un r\u00f4le important : plus leur degr\u00e9 de formation est \u00e9lev\u00e9, plus les personnes interrog\u00e9es ont affirm\u00e9 avoir subi une baisse de leur capacit\u00e9 de travail. Les parents avec un niveau de formation moins \u00e9lev\u00e9 exercent plut\u00f4t des activit\u00e9s qui ne peuvent pas \u00eatre effectu\u00e9es en t\u00e9l\u00e9travail. Il est donc plus rare qu&#8217;ils aient pu garder leurs enfants ou leur donner les cours \u00e0 la maison.<\/p>\n<p>Les femmes ont eu moins de temps \u00e0 consacrer \u00e0 leur activit\u00e9 professionnelle que les hommes<br \/>\nL&#8217;\u00e9tude men\u00e9e en Suisse livre des r\u00e9sultats similaires aux \u00e9tudes internationales : les femmes et les hommes ne sont pas \u00e9gaux face aux crises. La charge de travail suppl\u00e9mentaire engendr\u00e9e par la garde des enfants et l&#8217;enseignement \u00e0 domicile a pes\u00e9 plus lourdement sur les femmes que sur les hommes. Pendant la p\u00e9riode de fermeture des \u00e9coles et de r\u00e9duction des possibilit\u00e9s d&#8217;accueil extrafamilial, les femmes ont \u00e9t\u00e9 plus nombreuses que les hommes \u00e0 avoir eu moins de temps \u00e0 consacrer \u00e0 leur activit\u00e9 professionnelle, en Suisse comme \u00e0 l&#8217;\u00e9tranger. Cependant, en termes de charge mentale, l&#8217;augmentation des t\u00e2ches de garde a constitu\u00e9 un poids identique pour les femmes et pour les hommes. Les femmes bien form\u00e9es sont celles qui ont subi la plus grande baisse de capacit\u00e9 de travail.<\/p>\n<p><strong>Tensions et conflits<\/strong><br \/>\nLa crise a aussi eu des cons\u00e9quences sur l&#8217;ambiance dans les m\u00e9nages. Environ une personne sond\u00e9e sur cinq a indiqu\u00e9 avoir connu davantage de tensions et de conflits \u00e0 la maison qu&#8217;avant la pand\u00e9mie. Sur la dur\u00e9e, la part d&#8217;hommes dans cette situation augmente quelque peu, alors que celle des femmes diminue l\u00e9g\u00e8rement.<\/p>\n<p>L&#8217;\u00e9tude se fonde sur les donn\u00e9es de l&#8217;enqu\u00eate d&#8217;opinion de la SSR sur la crise du coronavirus. Elle a \u00e9t\u00e9 r\u00e9alis\u00e9e sur la base de quatre sondages successifs men\u00e9s entre le 22 mars et le 8 juin 2020. En moyenne, pr\u00e8s de 30 000 personnes ont particip\u00e9 \u00e0 chaque enqu\u00eate.<\/p>\n<p>L&#8217;\u00e9tude offre un premier aper\u00e7u des cons\u00e9quences de la pand\u00e9mie de COVID-19 sur la population suisse et sur la vie familiale et professionnelle. Avec les bulletins (policy brief) de la task force Science de la Conf\u00e9d\u00e9ration, elle fournit une base pour mettre en place la strat\u00e9gie de promotion de l&#8217;\u00e9galit\u00e9 inscrite par le Conseil f\u00e9d\u00e9ral dans son nouveau programme de l\u00e9gislature.<\/p>\n","protected":false},"excerpt":{"rendered":"<p>Une \u00e9tude command\u00e9e par le Bureau f\u00e9d\u00e9ral de l\u2019\u00e9galit\u00e9 entre femmes et hommes livre de premi\u00e8res indications sur l\u2019\u00e9volution de la charge de travail de la population suisse durant la pand\u00e9mie de COVID-19. Les r\u00e9sultats montrent que les t\u00e2ches suppl\u00e9mentaires li\u00e9es \u00e0 l\u2019enseignement scolaire \u00e0 domicile et \u00e0 la r\u00e9duction des possibilit\u00e9s d\u2019accueil extrafamilial ont influ\u00e9 sur la capacit\u00e9 de travail des personnes interrog\u00e9es. Cette influence s\u2019est r\u00e9v\u00e9l\u00e9e plus importante pour les femmes exer\u00e7ant une activit\u00e9 professionnelle que pour les hommes dans le m\u00eame cas<\/p>\n","protected":false},"author":4,"featured_media":387923,"comment_status":"open","ping_status":"open","sticky":false,"template":"","format":"standard","meta":{"footnotes":""},"categories":[24630,1170],"tags":[1671],"vendi":[],"content_country":[31835,31838],"class_list":["post-387922","post","type-post","status-publish","format-standard","has-post-thumbnail","hentry","category-nouvelles","category-vivre-en-suisse","tag-zvicer-fr","content_country-austria-fr","content_country-germany-fr"],"acf":[],"_links":{"self":[{"href":"https:\/\/www.albinfo.at\/fr\/wp-json\/wp\/v2\/posts\/387922","targetHints":{"allow":["GET"]}}],"collection":[{"href":"https:\/\/www.albinfo.at\/fr\/wp-json\/wp\/v2\/posts"}],"about":[{"href":"https:\/\/www.albinfo.at\/fr\/wp-json\/wp\/v2\/types\/post"}],"author":[{"embeddable":true,"href":"https:\/\/www.albinfo.at\/fr\/wp-json\/wp\/v2\/users\/4"}],"replies":[{"embeddable":true,"href":"https:\/\/www.albinfo.at\/fr\/wp-json\/wp\/v2\/comments?post=387922"}],"version-history":[{"count":0,"href":"https:\/\/www.albinfo.at\/fr\/wp-json\/wp\/v2\/posts\/387922\/revisions"}],"wp:featuredmedia":[{"embeddable":true,"href":"https:\/\/www.albinfo.at\/fr\/wp-json\/wp\/v2\/media\/387923"}],"wp:attachment":[{"href":"https:\/\/www.albinfo.at\/fr\/wp-json\/wp\/v2\/media?parent=387922"}],"wp:term":[{"taxonomy":"category","embeddable":true,"href":"https:\/\/www.albinfo.at\/fr\/wp-json\/wp\/v2\/categories?post=387922"},{"taxonomy":"post_tag","embeddable":true,"href":"https:\/\/www.albinfo.at\/fr\/wp-json\/wp\/v2\/tags?post=387922"},{"taxonomy":"vendi","embeddable":true,"href":"https:\/\/www.albinfo.at\/fr\/wp-json\/wp\/v2\/vendi?post=387922"},{"taxonomy":"content_country","embeddable":true,"href":"https:\/\/www.albinfo.at\/fr\/wp-json\/wp\/v2\/content_country?post=387922"}],"curies":[{"name":"wp","href":"https:\/\/api.w.org\/{rel}","templated":true}]}}