{"id":384378,"date":"2020-06-06T11:40:33","date_gmt":"2020-06-06T09:40:33","guid":{"rendered":"https:\/\/www.albinfo.ch\/?p=384378"},"modified":"2020-06-06T11:14:54","modified_gmt":"2020-06-06T09:14:54","slug":"50-ans-de-discours-sur-letranger","status":"publish","type":"post","link":"https:\/\/www.albinfo.at\/fr\/50-ans-de-discours-sur-letranger\/","title":{"rendered":"50 ans de discours sur l\u2019\u00e9tranger"},"content":{"rendered":"<div class=\"contentHead\"><strong>En 1970, l\u2019initiative Schwarzenbach donna pour la premi\u00e8re fois au corps \u00e9lectoral la possibilit\u00e9 de se prononcer sur un projet de loi qui visait \u00e0 limiter la population \u00e9trang\u00e8re sur le territoire. Depuis, l\u2019immigration a donn\u00e9 lieu \u00e0 intervalles r\u00e9guliers \u00e0 des d\u00e9bats charg\u00e9s d\u2019\u00e9motion et \u00e0 des initiatives politiques. L\u2019\u00e9tude de la Commission f\u00e9d\u00e9rale des migrations CFM retrace l&#8217;histoire du rejet des \u00e9trangers, de la x\u00e9nophobie et du mythe de l&#8217;\u00c9tat national souverain ne d\u00e9pendant de personne, et montre qu&#8217;il y a toujours eu des contre-propositions en faveur d&#8217;une Suisse ouverte et progressiste.<\/strong><\/div>\n<div class=\"mod mod-nsbnewsdetails\">\n<p>Le 7 juin 1970, l\u2019initiative Schwarzenbach fut soumise au vote. Les partisans de l&#8217;initiative avaient men\u00e9 une bataille \u00e9lectorale intense, charg\u00e9e d\u2019\u00e9motion. Leur principal argument, selon lequel le Conseil f\u00e9d\u00e9ral et l&#8217;\u00e9lite suisse avaient \u00e9chou\u00e9 en mati\u00e8re de politique des \u00e9trangers, conduisant la forte proportion d&#8217;\u00e9trangers \u00e0 menacer l\u2019identit\u00e9 suisse, rencontra un \u00e9cho favorable dans de larges pans de la population suisse. Avec un taux de participation record de 74 pourcent, l&#8217;initiative re\u00e7ut l&#8217;approbation de 46 pourcent de l&#8217;\u00e9lectorat. Peu apr\u00e8s le rejet de l&#8217;initiative Schwarzenbach, la CFM fut fond\u00e9e en tant que \u00ab\u00a0Commission f\u00e9d\u00e9rale consultative pour le probl\u00e8me des \u00e9trangers\u00a0\u00bb.<\/p>\n<p>Depuis l\u2018initiative Schwarzenbach, l\u2019on s\u2019affronte \u00e0 intervalles r\u00e9guliers en Suisse \u00e0 propos d\u2019initiatives qui d\u00e9clarent que l&#8217;immigration est un probl\u00e8me politique central et qui, dans le m\u00eame temps, remettent en question la relation de la Suisse avec l&#8217;UE. L\u2019\u00e9tude d\u2018Angelo Maiolino, mandat\u00e9e par la CFM, retrace la mani\u00e8re dont la politique a \u00e9t\u00e9 influenc\u00e9e par la rh\u00e9torique sur l&#8217;\u00e9tranger ces 50 derni\u00e8re ann\u00e9es. Mais l\u2019\u00e9tude montre aussi que la soci\u00e9t\u00e9 a toujours trouv\u00e9 des moyens pour faire barrage aux menaces et aux sc\u00e9narios alarmistes avec des contre-propositions constructives pour renforcer la coh\u00e9sion sociale.<\/p>\n<p>En septembre prochain, les \u00e9lecteurs seront \u00e0 nouveau appel\u00e9s aux urnes pour se prononcer sur une initiative qui souhaite limiter l\u2018immigration\u00a0: l\u2019initiative \u00ab\u00a0pour une immigration mod\u00e9r\u00e9e\u00a0\u00bb (initiative de limitation). Cette fois encore, la Suisse conna\u00eetra une campagne de votation agit\u00e9e. Le d\u00e9bat sur le \u00ab\u00a0nous\u00a0\u00bb et \u00ab\u00a0les autres\u00a0\u00bb fera \u00e0 nouveau rage. Cependant, les discours x\u00e9nophobes d\u00e9tournent l&#8217;attention des d\u00e9fis essentiels auxquels la Suisse sera confront\u00e9e \u00e0 l&#8217;avenir : par exemple, les d\u00e9fis de la num\u00e9risation, l&#8217;\u00e9volution d\u00e9mographique ou le changement climatique. Nous ne pourrons relever ces d\u00e9fis que tous ensemble.<\/p>\n<\/div>\n","protected":false},"excerpt":{"rendered":"<p>L\u2019\u00e9tude d\u2018Angelo Maiolino, mandat\u00e9e par la CFM, retrace la mani\u00e8re dont la politique a \u00e9t\u00e9 influenc\u00e9e par la rh\u00e9torique sur l&#8217;\u00e9tranger ces 50 derni\u00e8re ann\u00e9es<\/p>\n","protected":false},"author":4,"featured_media":208395,"comment_status":"open","ping_status":"open","sticky":false,"template":"","format":"standard","meta":{"footnotes":""},"categories":[1171,24645,1170],"tags":[],"vendi":[],"content_country":[],"class_list":["post-384378","post","type-post","status-publish","format-standard","has-post-thumbnail","hentry","category-thematique","category-thematique-fr-2","category-vivre-en-suisse"],"acf":[],"_links":{"self":[{"href":"https:\/\/www.albinfo.at\/fr\/wp-json\/wp\/v2\/posts\/384378","targetHints":{"allow":["GET"]}}],"collection":[{"href":"https:\/\/www.albinfo.at\/fr\/wp-json\/wp\/v2\/posts"}],"about":[{"href":"https:\/\/www.albinfo.at\/fr\/wp-json\/wp\/v2\/types\/post"}],"author":[{"embeddable":true,"href":"https:\/\/www.albinfo.at\/fr\/wp-json\/wp\/v2\/users\/4"}],"replies":[{"embeddable":true,"href":"https:\/\/www.albinfo.at\/fr\/wp-json\/wp\/v2\/comments?post=384378"}],"version-history":[{"count":0,"href":"https:\/\/www.albinfo.at\/fr\/wp-json\/wp\/v2\/posts\/384378\/revisions"}],"wp:featuredmedia":[{"embeddable":true,"href":"https:\/\/www.albinfo.at\/fr\/wp-json\/wp\/v2\/media\/208395"}],"wp:attachment":[{"href":"https:\/\/www.albinfo.at\/fr\/wp-json\/wp\/v2\/media?parent=384378"}],"wp:term":[{"taxonomy":"category","embeddable":true,"href":"https:\/\/www.albinfo.at\/fr\/wp-json\/wp\/v2\/categories?post=384378"},{"taxonomy":"post_tag","embeddable":true,"href":"https:\/\/www.albinfo.at\/fr\/wp-json\/wp\/v2\/tags?post=384378"},{"taxonomy":"vendi","embeddable":true,"href":"https:\/\/www.albinfo.at\/fr\/wp-json\/wp\/v2\/vendi?post=384378"},{"taxonomy":"content_country","embeddable":true,"href":"https:\/\/www.albinfo.at\/fr\/wp-json\/wp\/v2\/content_country?post=384378"}],"curies":[{"name":"wp","href":"https:\/\/api.w.org\/{rel}","templated":true}]}}