{"id":383807,"date":"2020-06-04T08:30:51","date_gmt":"2020-06-04T06:30:51","guid":{"rendered":"https:\/\/www.albinfo.ch\/?p=383807"},"modified":"2020-06-04T00:38:55","modified_gmt":"2020-06-03T22:38:55","slug":"la-suisse-maintient-ses-restrictions-dentree-a-la-frontiere-avec-litalie","status":"publish","type":"post","link":"https:\/\/www.albinfo.at\/fr\/la-suisse-maintient-ses-restrictions-dentree-a-la-frontiere-avec-litalie\/","title":{"rendered":"La Suisse maintient ses restrictions d\u2019entr\u00e9e \u00e0 la fronti\u00e8re avec l\u2019Italie"},"content":{"rendered":"<p><strong>L\u2019Italie a d\u00e9cid\u00e9 de lever ses restrictions d\u2019entr\u00e9e aux fronti\u00e8res int\u00e9rieures \u00e0 Schengen avec ses voisins le 3 juin 2020. Estimant qu\u2019accorder la r\u00e9ciproque \u00e0 l\u2019Italie d\u00e8s cette date serait pr\u00e9matur\u00e9, la Suisse a pour sa part inform\u00e9 le gouvernement italien \u2013 comme l\u2019ont fait \u00e9galement les autres \u00c9tats voisins concern\u00e9s \u2013 de sa d\u00e9cision de maintenir jusqu\u2019\u00e0 nouvel avis les restrictions en vigueur. Les ressortissants de la Suisse et du Liechtenstein et les titulaires d\u2019un permis de s\u00e9jour suisse qui se rendront en Italie \u00e0 partir du 3 juin pourront ensuite en revenir. Le Conseil f\u00e9d\u00e9ral pr\u00e9voit par ailleurs de coordonner, en concertation avec les cantons frontaliers de l\u2019Italie, l\u2019ouverture des fronti\u00e8res suisses avec les autres pays voisins de l\u2019Italie.<\/strong><\/p>\n<p>L\u2019Italie a pris la d\u00e9cision de rouvrir ses fronti\u00e8res d\u00e8s le 3 juin. De son c\u00f4t\u00e9, la Suisse estime qu\u2019il est encore trop t\u00f4t pour lever ses contr\u00f4les avec son voisin \u00e0 cette date. En contact \u00e9troit avec les autorit\u00e9s italiennes et avec celles de l\u2019Allemagne, de l\u2019Autriche et de la France, la Suisse souhaite coordonner le r\u00e9gime frontalier avec ses voisins et, dans la mesure du possible, le r\u00e9glementer conjointement.<\/p>\n<p>Restrictions d\u2019entr\u00e9e en Suisse maintenues, tourisme d\u2019achat interdit<br \/>\nLa Suisse a l\u2019intention de coordonner au plus vite le r\u00e9gime frontalier avec l\u2019Italie et reste en contact \u00e9troit avec les autorit\u00e9s italiennes. Jusqu\u2019\u00e0 nouvel avis, l\u2019entr\u00e9e en Suisse depuis l\u2019Italie reste r\u00e9glement\u00e9e comme suit :<\/p>\n<p>Les contr\u00f4les aux points de passage de la fronti\u00e8re avec l\u2019Italie restent en place ; ils sont fond\u00e9s sur les risques mais seront intensifi\u00e9s. L\u2019Administration f\u00e9d\u00e9rale des douanes (AFD) refusera l\u2019entr\u00e9e aux personnes qui ne remplissent pas les conditions requises.<br \/>\nLe tourisme d\u2019achat entre les deux pays reste interdit.<br \/>\nEn substance, seules les personnes qui ont la nationalit\u00e9 suisse, qui disposent d\u2019une autorisation relevant du droit des \u00e9trangers ou qui sont admises en Suisse parce que leur situation personnelle rend indispensable leur entr\u00e9e pressante. L\u2019entr\u00e9e pour des raisons non pr\u00e9vues dans l\u2019ordonnance 2 COVID-19 ou dans les directives ad hoc du Secr\u00e9tariat d\u2019\u00c9tat aux migrations (SEM) reste interdite. Cette interdiction inclut notamment l\u2019entr\u00e9e en vue de rechercher un emploi ou \u00e0 des fins purement touristiques. Le SEM publie toutes les informations sur les dispositions en vigueur sur son site web.<br \/>\nLa liste actuelle des points de passage de la fronti\u00e8re ouverts avec l\u2019Italie peut \u00eatre consult\u00e9e sur le site Internet de l\u2019AFD. Pour l\u2019heure, il n\u2019est pas pr\u00e9vu d\u2019ouvrir d\u2019autres postes-fronti\u00e8re avec l\u2019Italie.<br \/>\nLes frontaliers peuvent \u2013 comme jusqu\u2019ici \u2013 se rendre en Suisse pour y travailler puis retourner en Italie.<br \/>\nLes \u00e9trangers qui entrent en Suisse en provenance des pays voisins peuvent transiter par la Suisse et \u00e9galement retourner dans leur pays d\u2019origine. S\u2019il y a des raisons de croire qu\u2019ils ne pourront pas quitter la Suisse apr\u00e8s le transit, l\u2019entr\u00e9e en Suisse aux fins de transit leur est refus\u00e9e.<br \/>\nLes ressortissants de la Suisse et du Liechtenstein et les \u00e9trangers titulaires d\u2019un permis de s\u00e9jour suisse, d\u00e9sormais autoris\u00e9s \u00e0 se rendre en Italie, peuvent revenir en Suisse et au Liechtenstein.<br \/>\nSi n\u00e9cessaire, le D\u00e9partement f\u00e9d\u00e9ral de l\u2019int\u00e9rieur peut, en accord avec le D\u00e9partement f\u00e9d\u00e9ral de justice et police et le D\u00e9partement f\u00e9d\u00e9ral des finances, ordonner des mesures sanitaires \u00e0 la fronti\u00e8re pour certaines cat\u00e9gories de personnes en provenance d\u2019un pays \u00e0 risque conform\u00e9ment \u00e0 l\u2019ordonnance 2 COVID-19.<br \/>\nLa Suisse souhaite rouvrir ses fronti\u00e8res le plus rapidement possible. Elle a convenu avec l\u2019Allemagne, l\u2019Autriche et la France que les restrictions de voyage entre ces pays seraient lev\u00e9es le 15 juin prochain, pour autant que l\u2019\u00e9volution favorable de la situation \u00e9pid\u00e9miologique se poursuive.<\/p>\n","protected":false},"excerpt":{"rendered":"<p>La Suisse souhaite rouvrir ses fronti\u00e8res le plus rapidement possible. Elle a convenu avec l\u2019Allemagne, l\u2019Autriche et la France que les restrictions de voyage entre ces pays seraient lev\u00e9es le 15 juin prochain, pour autant que l\u2019\u00e9volution favorable de la situation \u00e9pid\u00e9miologique se poursuive<\/p>\n","protected":false},"author":4,"featured_media":383642,"comment_status":"open","ping_status":"open","sticky":false,"template":"","format":"standard","meta":{"footnotes":""},"categories":[18826,22521,1170],"tags":[4418],"vendi":[],"content_country":[31835],"class_list":["post-383807","post","type-post","status-publish","format-standard","has-post-thumbnail","hentry","category-lajme-jeta-ne-zvicer-fr","category-coronavirus-minutes-par-minutes","category-vivre-en-suisse","tag-zvicra-fr","content_country-austria-fr"],"acf":[],"_links":{"self":[{"href":"https:\/\/www.albinfo.at\/fr\/wp-json\/wp\/v2\/posts\/383807","targetHints":{"allow":["GET"]}}],"collection":[{"href":"https:\/\/www.albinfo.at\/fr\/wp-json\/wp\/v2\/posts"}],"about":[{"href":"https:\/\/www.albinfo.at\/fr\/wp-json\/wp\/v2\/types\/post"}],"author":[{"embeddable":true,"href":"https:\/\/www.albinfo.at\/fr\/wp-json\/wp\/v2\/users\/4"}],"replies":[{"embeddable":true,"href":"https:\/\/www.albinfo.at\/fr\/wp-json\/wp\/v2\/comments?post=383807"}],"version-history":[{"count":0,"href":"https:\/\/www.albinfo.at\/fr\/wp-json\/wp\/v2\/posts\/383807\/revisions"}],"wp:featuredmedia":[{"embeddable":true,"href":"https:\/\/www.albinfo.at\/fr\/wp-json\/wp\/v2\/media\/383642"}],"wp:attachment":[{"href":"https:\/\/www.albinfo.at\/fr\/wp-json\/wp\/v2\/media?parent=383807"}],"wp:term":[{"taxonomy":"category","embeddable":true,"href":"https:\/\/www.albinfo.at\/fr\/wp-json\/wp\/v2\/categories?post=383807"},{"taxonomy":"post_tag","embeddable":true,"href":"https:\/\/www.albinfo.at\/fr\/wp-json\/wp\/v2\/tags?post=383807"},{"taxonomy":"vendi","embeddable":true,"href":"https:\/\/www.albinfo.at\/fr\/wp-json\/wp\/v2\/vendi?post=383807"},{"taxonomy":"content_country","embeddable":true,"href":"https:\/\/www.albinfo.at\/fr\/wp-json\/wp\/v2\/content_country?post=383807"}],"curies":[{"name":"wp","href":"https:\/\/api.w.org\/{rel}","templated":true}]}}