{"id":382479,"date":"2020-05-30T15:15:41","date_gmt":"2020-05-30T13:15:41","guid":{"rendered":"https:\/\/www.albinfo.ch\/?p=382479"},"modified":"2020-05-30T14:37:05","modified_gmt":"2020-05-30T12:37:05","slug":"scenarios-de-levolution-de-la-population-de-la-suisse-et-des-cantons-2020-2050","status":"publish","type":"post","link":"https:\/\/www.albinfo.at\/fr\/scenarios-de-levolution-de-la-population-de-la-suisse-et-des-cantons-2020-2050\/","title":{"rendered":"Sc\u00e9narios de l&#8217;\u00e9volution de la population de la Suisse et des cantons 2020-2050"},"content":{"rendered":"<p>La population de la Suisse passera de 8,6 millions de r\u00e9sidents permanents fin 2019 \u00e0 10,4 millions en 2050, selon le sc\u00e9nario de r\u00e9f\u00e9rence de l\u2019Office f\u00e9d\u00e9ral de la statistique (OFS). Cette hausse sera due principalement aux migrations. Son ampleur d\u00e9pendra de l\u2019\u00e9volution du contexte socio-\u00e9conomique et politique de la Suisse. Le vieillissement de la population sera rapide entre 2020 et 2030. Il ralentira un peu ensuite sans pour autant s\u2019arr\u00eater. L\u2019accroissement d\u00e9mographique sera plus prononc\u00e9 autour de Zurich et de Gen\u00e8ve.<\/p>\n<p>Si le sc\u00e9nario de r\u00e9f\u00e9rence se v\u00e9rifie, le nombre de r\u00e9sidents permanents en Suisse passera de 8,5 millions de personnes en 2018 \u00e0 9,4 millions en 2030 et 10,4 millions en 2050, soit un accroissement annuel moyen de 0,6%. 75% de cette croissance proviendront des migrations.<\/p>\n<p>Selon le sc\u00e9nario \u00abhaut\u00bb, qui suppose un solde migratoire plus \u00e9lev\u00e9, une f\u00e9condit\u00e9 augmentant plus fortement et des esp\u00e9rances de vie progressant un peu plus rapidement, la population se montera \u00e0 11,4 millions de personnes en 2050.<\/p>\n<p>Le sc\u00e9nario \u00abbas\u00bb, avec un solde migratoire un peu plus bas, une f\u00e9condit\u00e9 diminuant l\u00e9g\u00e8rement et des esp\u00e9rances de vie augmentant plus lentement, conduira \u00e0 un nombre de r\u00e9sidents permanents se montant \u00e0 9,5 millions en 2050.<\/p>\n<p><strong>Vieillissement d\u00e9mographique rapide lors des dix prochaines ann\u00e9es<\/strong><\/p>\n<p>L\u2019augmentation de la population \u00e2g\u00e9e de 65 ans ou plus sera tr\u00e8s forte entre 2020 et 2030, avec une croissance de pr\u00e8s de 30%. En effet, au cours de cette d\u00e9cennie, les g\u00e9n\u00e9rations les plus nombreuses du baby-boom entreront progressivement dans le troisi\u00e8me \u00e2ge. L\u2019accroissement de la population de 65 ans ou plus entre 2018 et 2050 se montera \u00e0 environ 70%. Cette hausse des personnes en \u00e2ge d\u2019\u00eatre \u00e0 la retraite sera due non seulement \u00e0 un nombre de plus en plus \u00e9lev\u00e9 de r\u00e9sidents permanents atteignant et d\u00e9passant 65 ans, mais \u00e9galement \u00e0 l\u2019augmentation de l\u2019esp\u00e9rance de vie. A l\u2019horizon 2050, la Suisse d\u00e9nombrera 2,7 millions de personnes \u00e2g\u00e9es de 65 ans ou plus selon le sc\u00e9nario de r\u00e9f\u00e9rence contre 1,6 million \u00e0 fin 2019.<\/p>\n<p><strong>Concentration de la population dans les grandes agglom\u00e9rations<\/strong><\/p>\n<p>Lors des trois prochaines d\u00e9cennies, les populations des cantons de Gen\u00e8ve, d\u2019Argovie, de Zoug, de Vaud, de Zurich, de Schaffhouse et de Saint-Gall augmenteront selon le sc\u00e9nario de r\u00e9f\u00e9rence de plus de 25%, alors que l\u2019accroissement pour l\u2019ensemble des cantons sera d\u2019environ 20%. La population de la Suisse continuera ainsi de se concentrer autour de l\u2019agglom\u00e9ration zurichoise et dans l\u2019Arc l\u00e9manique. Le Tessin et les Grisons avec une diminution de pr\u00e8s de 5% seront les seuls cantons \u00e0 conna\u00eetre une l\u00e9g\u00e8re d\u00e9croissance d\u00e9mographique.<\/p>\n<p><strong>Les femmes plus qualifi\u00e9es que les hommes dans 10 ans<\/strong><\/p>\n<p>Actuellement, on constate aussi bien en Suisse qu\u2019au niveau international que les femmes ont de meilleurs r\u00e9sultats scolaires ou obtiennent plus fr\u00e9quemment des titres de formation que les hommes. Cependant, la proportion d\u2019hommes dipl\u00f4m\u00e9s d\u2019une haute \u00e9cole ou de la formation professionnelle sup\u00e9rieure dans la population des 25 \u00e0 64 ans reste encore sup\u00e9rieure \u00e0 celle des femmes (2019: 48% pour les hommes, contre 41% pour les femmes). L\u2019image changera rapidement et la proportion de femmes dipl\u00f4m\u00e9es rejoindra celle des hommes dans environ 10 ans avant de la d\u00e9passer (2040: 57% pour les femmes contre 54% pour les hommes).<\/p>\n<p><strong>Croissance de la population active<\/strong><\/p>\n<p>La population active augmentera de 12% entre 2020 et 2050 et comptera 5,6 millions de personnes en 2050, selon le sc\u00e9nario de r\u00e9f\u00e9rence. Exprim\u00e9e en \u00e9quivalents temps plein, l&#8217;augmentation de la population active sera tout aussi importante (+12% \u00e0 4,8 millions). Dans le sc\u00e9nario \u00abhaut\u00bb, la population active augmentera continuellement pour atteindre 6,2 millions de personnes en 2050 (+25%); dans le sc\u00e9nario \u00abbas\u00bb, la population active restera stable jusqu&#8217;en 2025, puis diminuera l\u00e9g\u00e8rement pour atteindre 5,0 millions de personnes en 2050 (\u20131% par rapport \u00e0 2019).<\/p>\n<p>Le vieillissement de la population se traduit par une tr\u00e8s forte augmentation du nombre de personnes \u00e2g\u00e9es de 65 ans ou plus par rapport \u00e0 la population active. En 2019, 35 personnes \u00e2g\u00e9es de 65 ans ou plus ont \u00e9t\u00e9 enregistr\u00e9es pour 100 personnes actives \u00e2g\u00e9es de 20 \u00e0 64 ans. Selon le sc\u00e9nario de r\u00e9f\u00e9rence, ce chiffre passera \u00e0 53 d&#8217;ici 2050 (sc\u00e9nario \u00abhaut\u00bb: 52; sc\u00e9nario \u00abbas\u00bb: 55).<\/p>\n","protected":false},"excerpt":{"rendered":"<p>Evolution de la population de 2020 \u00e0 2050: croissance, vieillissement et concentration autour des grandes villes<\/p>\n","protected":false},"author":4,"featured_media":260851,"comment_status":"open","ping_status":"open","sticky":false,"template":"","format":"standard","meta":{"footnotes":""},"categories":[1171,1170],"tags":[],"vendi":[],"content_country":[],"class_list":["post-382479","post","type-post","status-publish","format-standard","has-post-thumbnail","hentry","category-thematique","category-vivre-en-suisse"],"acf":[],"_links":{"self":[{"href":"https:\/\/www.albinfo.at\/fr\/wp-json\/wp\/v2\/posts\/382479","targetHints":{"allow":["GET"]}}],"collection":[{"href":"https:\/\/www.albinfo.at\/fr\/wp-json\/wp\/v2\/posts"}],"about":[{"href":"https:\/\/www.albinfo.at\/fr\/wp-json\/wp\/v2\/types\/post"}],"author":[{"embeddable":true,"href":"https:\/\/www.albinfo.at\/fr\/wp-json\/wp\/v2\/users\/4"}],"replies":[{"embeddable":true,"href":"https:\/\/www.albinfo.at\/fr\/wp-json\/wp\/v2\/comments?post=382479"}],"version-history":[{"count":0,"href":"https:\/\/www.albinfo.at\/fr\/wp-json\/wp\/v2\/posts\/382479\/revisions"}],"wp:featuredmedia":[{"embeddable":true,"href":"https:\/\/www.albinfo.at\/fr\/wp-json\/wp\/v2\/media\/260851"}],"wp:attachment":[{"href":"https:\/\/www.albinfo.at\/fr\/wp-json\/wp\/v2\/media?parent=382479"}],"wp:term":[{"taxonomy":"category","embeddable":true,"href":"https:\/\/www.albinfo.at\/fr\/wp-json\/wp\/v2\/categories?post=382479"},{"taxonomy":"post_tag","embeddable":true,"href":"https:\/\/www.albinfo.at\/fr\/wp-json\/wp\/v2\/tags?post=382479"},{"taxonomy":"vendi","embeddable":true,"href":"https:\/\/www.albinfo.at\/fr\/wp-json\/wp\/v2\/vendi?post=382479"},{"taxonomy":"content_country","embeddable":true,"href":"https:\/\/www.albinfo.at\/fr\/wp-json\/wp\/v2\/content_country?post=382479"}],"curies":[{"name":"wp","href":"https:\/\/api.w.org\/{rel}","templated":true}]}}