{"id":382469,"date":"2020-05-30T14:03:06","date_gmt":"2020-05-30T12:03:06","guid":{"rendered":"https:\/\/www.albinfo.ch\/?p=382469"},"modified":"2020-05-30T14:13:51","modified_gmt":"2020-05-30T12:13:51","slug":"fin-de-lengagement-de-larmee-suisse-au-profit-du-systeme-de-sante-mais-poursuite-des-taches-de-protection","status":"publish","type":"post","link":"https:\/\/www.albinfo.at\/fr\/fin-de-lengagement-de-larmee-suisse-au-profit-du-systeme-de-sante-mais-poursuite-des-taches-de-protection\/","title":{"rendered":"Fin de l\u2019engagement de l\u2019Arm\u00e9e suisse au profit du syst\u00e8me de sant\u00e9, mais poursuite des t\u00e2ches de protection"},"content":{"rendered":"<p>Les premiers militaires ont \u00e9t\u00e9 mobilis\u00e9s le 16 mars 2020 pour appuyer le syst\u00e8me de sant\u00e9 suisse face \u00e0 la pand\u00e9mie de COVID-19. Ils ont rempli pr\u00e8s de 280 missions \u00e0 travers toute la Suisse. Ce vendredi 29 mai 2020, l\u2019engagement au profit du syst\u00e8me de sant\u00e9 est termin\u00e9 et les militaires du domaine sanitaire sont licenci\u00e9s ; seuls quelque 1000 militaires restent encore au service d\u2019appui.<\/p>\n<p>Avec la mobilisation du 16 mars 2020, le Conseil f\u00e9d\u00e9ral a charg\u00e9 l\u2019Arm\u00e9e suisse de venir en appui au syst\u00e8me de sant\u00e9, \u00e0 l\u2019Administration f\u00e9d\u00e9rale des douanes et aux corps de police cantonaux avec un maximum de 8000 militaires. Depuis lors, jusqu\u2019\u00e0 5000 militaires engag\u00e9s conjointement ont effectu\u00e9 environ 300 000 jours de service dans tous les cantons suisses et dans la Principaut\u00e9 du Liechtenstein. Les missions ont \u00e9t\u00e9 remplies \u00e0 l\u2019enti\u00e8re satisfaction des autorit\u00e9s civiles.<\/p>\n<p><strong>Engag\u00e9e l\u00e0 o\u00f9 l\u2019on a besoin d\u2019elle<\/strong><br \/>\nDes unit\u00e9s militaires sp\u00e9cialis\u00e9es dans les domaines sanitaire, hospitalier et des transports ont \u00e9t\u00e9 engag\u00e9es pour r\u00e9pondre aux demandes d\u2019appui du syst\u00e8me de sant\u00e9. L\u2019organe sanitaire de coordination (OSANC) a \u00e9valu\u00e9 les demandes des cantons : l\u2019Arm\u00e9e suisse a satisfait jusqu\u2019\u00e0 la fin mai environ 280 demandes en faveur d\u2019h\u00f4pitaux, de maisons de retraite et aussi d\u2019une prison. Les 800 militaires encore engag\u00e9s dans les domaines de l\u2019\u00ab aide \u00bb et des \u00ab services de base \u00bb sont renvoy\u00e9s \u00e0 la vie civile ce vendredi 29 mai 2020. Pr\u00e8s de 100 militaires en service long et b\u00e9n\u00e9voles restent n\u00e9anmoins disponibles jusqu\u2019\u00e0 la mi-juin pour fournir un soutien technique aux diff\u00e9rents cantons.<\/p>\n<p>Alors que les institutions du secteur de la sant\u00e9 retrouvent un fonctionnement normal, les contr\u00f4les aux fronti\u00e8res sont encore n\u00e9cessaires jusqu\u2019au 14 juin au moins. Aussi, quelque 650 militaires de l\u2019infanterie et de la police militaire resteront en service pour continuer \u00e0 soutenir l\u2019Administration f\u00e9d\u00e9rale des douanes et deux corps de police cantonaux. S\u2019y ajoutent environ 250 autres militaires pour assurer des services de base et appuyer des \u00e9tats-majors. Un millier de militaires restent donc encore en service d\u2019appui.<\/p>\n<p><strong>Reprise du recrutement<\/strong><br \/>\nLe recrutement a repris le 25 mai 2020. Environ 12 000 recrues et cadres commenceront comme pr\u00e9vu leurs \u00e9coles de recrues d\u2019\u00e9t\u00e9 le 29 juin 2020. Afin de pouvoir remplir ses missions \u00e0 l\u2019avenir, l\u2019Arm\u00e9e suisse est tributaire du recrutement et de la tenue des \u00e9coles de recrues. Les cours de r\u00e9p\u00e9tition pr\u00e9vus pour le quatri\u00e8me trimestre seront \u00e9galement r\u00e9alis\u00e9s selon la planification actuelle, si l\u2019\u00e9volution de la situation le permet. Les r\u00e8gles d\u2019hygi\u00e8ne et de comportement appliqu\u00e9s durant tous les services se fondent sur des concepts \u00e9labor\u00e9s d\u2019entente avec l\u2019Office f\u00e9d\u00e9ral de la sant\u00e9 publique.<\/p>\n","protected":false},"excerpt":{"rendered":"<p>Avec la mobilisation du 16 mars 2020, le Conseil f\u00e9d\u00e9ral a charg\u00e9 l\u2019Arm\u00e9e suisse de venir en appui au syst\u00e8me de sant\u00e9, \u00e0 l\u2019Administration f\u00e9d\u00e9rale des douanes et aux corps de police cantonaux avec un maximum de 8000 militaires<\/p>\n","protected":false},"author":4,"featured_media":363314,"comment_status":"open","ping_status":"open","sticky":false,"template":"","format":"standard","meta":{"footnotes":""},"categories":[1171,1170],"tags":[],"vendi":[],"content_country":[],"class_list":["post-382469","post","type-post","status-publish","format-standard","has-post-thumbnail","hentry","category-thematique","category-vivre-en-suisse"],"acf":[],"_links":{"self":[{"href":"https:\/\/www.albinfo.at\/fr\/wp-json\/wp\/v2\/posts\/382469","targetHints":{"allow":["GET"]}}],"collection":[{"href":"https:\/\/www.albinfo.at\/fr\/wp-json\/wp\/v2\/posts"}],"about":[{"href":"https:\/\/www.albinfo.at\/fr\/wp-json\/wp\/v2\/types\/post"}],"author":[{"embeddable":true,"href":"https:\/\/www.albinfo.at\/fr\/wp-json\/wp\/v2\/users\/4"}],"replies":[{"embeddable":true,"href":"https:\/\/www.albinfo.at\/fr\/wp-json\/wp\/v2\/comments?post=382469"}],"version-history":[{"count":0,"href":"https:\/\/www.albinfo.at\/fr\/wp-json\/wp\/v2\/posts\/382469\/revisions"}],"wp:featuredmedia":[{"embeddable":true,"href":"https:\/\/www.albinfo.at\/fr\/wp-json\/wp\/v2\/media\/363314"}],"wp:attachment":[{"href":"https:\/\/www.albinfo.at\/fr\/wp-json\/wp\/v2\/media?parent=382469"}],"wp:term":[{"taxonomy":"category","embeddable":true,"href":"https:\/\/www.albinfo.at\/fr\/wp-json\/wp\/v2\/categories?post=382469"},{"taxonomy":"post_tag","embeddable":true,"href":"https:\/\/www.albinfo.at\/fr\/wp-json\/wp\/v2\/tags?post=382469"},{"taxonomy":"vendi","embeddable":true,"href":"https:\/\/www.albinfo.at\/fr\/wp-json\/wp\/v2\/vendi?post=382469"},{"taxonomy":"content_country","embeddable":true,"href":"https:\/\/www.albinfo.at\/fr\/wp-json\/wp\/v2\/content_country?post=382469"}],"curies":[{"name":"wp","href":"https:\/\/api.w.org\/{rel}","templated":true}]}}