{"id":381858,"date":"2020-05-28T12:10:18","date_gmt":"2020-05-28T10:10:18","guid":{"rendered":"https:\/\/www.albinfo.ch\/?p=381858"},"modified":"2020-05-28T12:10:18","modified_gmt":"2020-05-28T10:10:18","slug":"coronavirus-le-conseil-federal-decide-un-large-assouplissement-pour-le-6-juin","status":"publish","type":"post","link":"https:\/\/www.albinfo.at\/fr\/coronavirus-le-conseil-federal-decide-un-large-assouplissement-pour-le-6-juin\/","title":{"rendered":"Coronavirus : le Conseil f\u00e9d\u00e9ral d\u00e9cide un large assouplissement pour le 6 juin"},"content":{"rendered":"<div class=\"contentHead\"><\/div>\n<div class=\"mod mod-nsbnewsdetails\">\n<p>Le Conseil f\u00e9d\u00e9ral avait d\u00e9j\u00e0 assoupli les mesures prises pour prot\u00e9ger la population contre le coronavirus les 27\u00a0avril et 11\u00a0mai 2020. Ces deux \u00e9tapes n&#8217;ont pas entra\u00een\u00e9 de hausse des indicateurs \u00e9pid\u00e9miologiques\u00a0: ces derni\u00e8res semaines, le nombre des nouvelles infections est rest\u00e9 stable et \u00e0 un bas niveau, de m\u00eame que le nombre des hospitalisations et des d\u00e9c\u00e8s.<\/p>\n<p><strong>Le tra\u00e7age des contacts rapproch\u00e9s doit \u00eatre garanti<br \/>\n<\/strong>Fort de ce constat, le Conseil f\u00e9d\u00e9ral d\u00e9cide un large assouplissement des mesures \u00e0 compter du 6\u00a0juin 2020. \u00c0 une condition\u00a0: des plans de protection doivent \u00eatre appliqu\u00e9s pour tous les \u00e9tablissements et manifestations concern\u00e9s. Les r\u00e8gles d&#8217;hygi\u00e8ne et de distance restent imp\u00e9ratives. Si les r\u00e8gles de distance ne peuvent pas \u00eatre respect\u00e9es, il faut garantir la possibilit\u00e9 de retracer les contacts personnels rapproch\u00e9s en cas d&#8217;infection, par exemple en \u00e9tablissant des listes de pr\u00e9sence.<\/p>\n<p><strong>Interdiction de rassemblement\u00a0: 30 au lieu de 5 personnes<br \/>\n<\/strong>L&#8217;interdiction de rassemblement dans l&#8217;espace public, notamment sur les places publiques, les chemins ou dans les parcs est assouplie : d\u00e8s le 30 mai 2020, la limite passe de 5 \u00e0 30\u00a0personnes.<\/p>\n<p>Les r\u00e9coltes de signatures dans l&#8217;espace public seront elles de nouveau possibles \u00e0 partir du 1er\u00a0juin, moyennant la mise en \u0153uvre d&#8217;un plan de protection. \u00c0 noter qu&#8217;un plan de protection standard est \u00e0 la disposition des comit\u00e9s d&#8217;initiative et de r\u00e9f\u00e9rendum. La suspension des d\u00e9lais applicables aux initiatives populaires f\u00e9d\u00e9rales et aux demandes de r\u00e9f\u00e9rendum au niveau f\u00e9d\u00e9ral s&#8217;\u00e9tend jusqu&#8217;\u00e0 la fin du mois de mai.<\/p>\n<p><strong>Les manifestations jusqu&#8217;\u00e0 300\u00a0personnes sont autoris\u00e9es<br \/>\n<\/strong>D\u00e8s le 6 juin, les manifestations priv\u00e9es et publiques r\u00e9unissant jusqu&#8217;\u00e0 300\u00a0personnes sont \u00e0 nouveau autoris\u00e9es. Cela concerne les r\u00e9unions familiales, les salons, les concerts, les repr\u00e9sentations th\u00e9\u00e2trales ou encore les s\u00e9ances de cin\u00e9ma, mais aussi les rassemblements politiques et de la soci\u00e9t\u00e9 civile.<\/p>\n<p>Le 24 juin, le Conseil f\u00e9d\u00e9ral d\u00e9cidera ce qu&#8217;il en est des manifestations r\u00e9unissant jusqu&#8217;\u00e0 1000 personnes et d&#8217;autres assouplissements possibles. Quant aux manifestations de plus de 1000 personnes, elles restent interdites jusqu&#8217;au 31 ao\u00fbt 2020.<\/p>\n<p><strong>Les comp\u00e9titions sportives en pr\u00e9sence de spectateurs sont de nouveau possibles<br \/>\n<\/strong>Les m\u00eames r\u00e8gles s&#8217;appliquent aux \u00e9v\u00e9nements sportifs. Pour les sports impliquant un contact physique \u00e9troit et constant, comme la lutte, le judo, la boxe ou la danse de salon, les comp\u00e9titions devraient rester interdites jusqu&#8217;au 6\u00a0juillet 2020. Pour leur part, les entra\u00eenements sont de nouveau autoris\u00e9s \u00e0 partir du 6\u00a0juin, sans restriction relative \u00e0 la taille des groupes, y compris pour les sports qui supposent un contact rapproch\u00e9. Toutefois, pour ces sports-l\u00e0, les entra\u00eenements doivent avoir lieu dans des \u00e9quipes fixes et la liste des personnes pr\u00e9sentes doit \u00eatre dress\u00e9e.<\/p>\n<p><strong>Les camps de vacances pour la jeunesse sont possibles<br \/>\n<\/strong>En \u00e9t\u00e9, de nombreux camps r\u00e9unissent des enfants et des jeunes et de nombreuses communes proposent des structures de jour pendant les vacances. Il sera possible d&#8217;organiser ces offres \u00e0 partir du 6\u00a0juin moyennant l&#8217;application de plans de protection. Les enfants et les jeunes devront autant que possible rester dans les m\u00eames groupes. Les camps sont limit\u00e9s \u00e0 300\u00a0participants et des listes de pr\u00e9sence doivent \u00eatre \u00e9tablies.<\/p>\n<p><strong>Remont\u00e9es m\u00e9caniques, campings, zoos et piscines peuvent rouvrir<br \/>\n<\/strong>Le 6\u00a0juin, les remont\u00e9es m\u00e9caniques, les campings et les attractions touristiques telles que pistes de luges d&#8217;\u00e9t\u00e9 ou parcs d&#8217;accrobranche pourront rouvrir. Les r\u00e8gles d&#8217;hygi\u00e8ne et de distance des transports publics s&#8217;appliquent aux remont\u00e9es m\u00e9caniques. Tous les \u00e9tablissements de divertissement et de loisirs tels que casinos, parcs de loisirs, zoos et jardins botaniques peuvent \u00e0 nouveau accueillir du monde, tout comme les piscines et les centres de bien-\u00eatre. \u00c0 partir du 6\u00a0juin, les salons \u00e9rotiques pourront \u00e9galement reprendre leurs activit\u00e9s et les services de prostitution \u00eatre propos\u00e9s.<\/p>\n<p><strong>\u00c9tablissements de restauration\u00a0: de plus grands groupes sont autoris\u00e9s<br \/>\n<\/strong>\u00c0 partir du 6\u00a0juin, la limitation des groupes \u00e0 quatre personnes dans les restaurants sera lev\u00e9e et les activit\u00e9s telles que billard et autres animations musicales seront de nouveau possibles. Les \u00e9tablissements devront garantir la possibilit\u00e9 de retracer les contacts en collectant les donn\u00e9es d&#8217;un client par table pour chaque groupe de plus de quatre personnes. Les consommations et les repas continueront \u00e0 \u00eatre exclusivement pris \u00e0 table. Les restaurants doivent fermer \u00e0 minuit, tout comme les discoth\u00e8ques ou les bo\u00eetes de nuit, qui doivent en outre tenir des listes de pr\u00e9sence et ne pas admettre plus de 300\u00a0personnes par soir\u00e9e.<\/p>\n<p><strong>L&#8217;enseignement pr\u00e9sentiel est de nouveau possible dans les \u00e9coles du secondaire\u00a0II, les \u00e9coles professionnelles et les hautes \u00e9coles<br \/>\n<\/strong>L&#8217;enseignement en classe dans l&#8217;enseignement secondaire, professionnel et sup\u00e9rieur (secondaire II, tertiaire et formation continue) sera de nouveau autoris\u00e9 \u00e0 partir du 6\u00a0juin 2020. Il appartient aux cantons ou aux \u00e9tablissements d&#8217;enseignement de fixer les modalit\u00e9s de l&#8217;enseignement pr\u00e9sentiel. Ils peuvent organiser l&#8217;enseignement de mani\u00e8re flexible et continuer \u00e0 exploiter l&#8217;enseignement \u00e0 distance.<\/p>\n<p><strong>Les recommandations relatives au t\u00e9l\u00e9travail sont maintenues<br \/>\n<\/strong>Les entreprises ont d\u00e9sormais une vaste exp\u00e9rience du t\u00e9l\u00e9travail, sur la base de laquelle elles peuvent d\u00e9cider librement du retour de leurs employ\u00e9s sur le lieu de travail. Le Conseil f\u00e9d\u00e9ral continue \u00e0 recommander le travail \u00e0 domicile dans la mesure du possible, notamment pour \u00e9viter de surcharger les transports publics aux heures de pointe. Les personnes vuln\u00e9rables restent prot\u00e9g\u00e9es\u00a0: leur employeur est toujours tenu de les laisser travailler \u00e0 la maison. Si leur pr\u00e9sence au travail est indispensable, il incombe \u00e0 l&#8217;employeur de les prot\u00e9ger en proc\u00e9dant aux adaptations appropri\u00e9es des processus ou du lieu de travail.<\/p>\n<p><strong>La situation ne sera plus consid\u00e9r\u00e9e comme extraordinaire \u00e0 compter du 19\u00a0juin 2020<br \/>\n<\/strong>Compte tenu de l&#8217;\u00e9volution \u00e9pid\u00e9miologique, le Conseil f\u00e9d\u00e9ral a \u00e9galement d\u00e9cid\u00e9 de ne plus consid\u00e9rer la situation comme extraordinaire au<br \/>\nsens de la loi sur les \u00e9pid\u00e9mies \u00e0 compter du 19\u00a0juin 2020. \u00c0 partir de ce moment, la situation sera de nouveau consid\u00e9r\u00e9e comme particuli\u00e8re. En parall\u00e8le, le Conseil f\u00e9d\u00e9ral pr\u00e9pare le transfert des dispositions d&#8217;ordonnance qu&#8217;il a \u00e9dict\u00e9es pour lutter contre le coronavirus dans une loi<br \/>\nurgente et de dur\u00e9e d\u00e9termin\u00e9e, dont le projet devrait \u00eatre mis en consultation le 19\u00a0juin 2020.<\/p>\n<\/div>\n","protected":false},"excerpt":{"rendered":"<p>\u00c0 compter du 6 juin 2020, les mesures de lutte contre le coronavirus seront largement assouplies. Le Conseil f\u00e9d\u00e9ral a pris cette d\u00e9cision lors de sa s\u00e9ance du 27 mai 2020 en se fondant sur l\u2019\u00e9volution \u00e9pid\u00e9miologique positive. Il est \u00e0 nouveau possible d\u2019organiser des manifestations r\u00e9unissant jusqu\u2019\u00e0 300 personnes. Quant aux rassemblements spontan\u00e9s, ils sont aussi \u00e0 nouveau autoris\u00e9s jusqu\u2019\u00e0 30 personnes. Les \u00e9tablissements de loisirs et les autres attractions touristiques peuvent rouvrir leurs portes. Le Conseil f\u00e9d\u00e9ral a \u00e9galement d\u00e9cid\u00e9 de ne plus consid\u00e9rer la situation comme extraordinaire au sens de la loi sur les \u00e9pid\u00e9mies \u00e0 compter du 19 juin 2020<\/p>\n","protected":false},"author":4,"featured_media":381859,"comment_status":"open","ping_status":"open","sticky":false,"template":"","format":"standard","meta":{"footnotes":""},"categories":[18826,22521,1170,1411,2014],"tags":[1671],"vendi":[],"content_country":[31835],"class_list":["post-381858","post","type-post","status-publish","format-standard","has-post-thumbnail","hentry","category-lajme-jeta-ne-zvicer-fr","category-coronavirus-minutes-par-minutes","category-vivre-en-suisse","category-newsletter-fr","category-newsletter-media-fr","tag-zvicer-fr","content_country-austria-fr"],"acf":[],"_links":{"self":[{"href":"https:\/\/www.albinfo.at\/fr\/wp-json\/wp\/v2\/posts\/381858","targetHints":{"allow":["GET"]}}],"collection":[{"href":"https:\/\/www.albinfo.at\/fr\/wp-json\/wp\/v2\/posts"}],"about":[{"href":"https:\/\/www.albinfo.at\/fr\/wp-json\/wp\/v2\/types\/post"}],"author":[{"embeddable":true,"href":"https:\/\/www.albinfo.at\/fr\/wp-json\/wp\/v2\/users\/4"}],"replies":[{"embeddable":true,"href":"https:\/\/www.albinfo.at\/fr\/wp-json\/wp\/v2\/comments?post=381858"}],"version-history":[{"count":0,"href":"https:\/\/www.albinfo.at\/fr\/wp-json\/wp\/v2\/posts\/381858\/revisions"}],"wp:featuredmedia":[{"embeddable":true,"href":"https:\/\/www.albinfo.at\/fr\/wp-json\/wp\/v2\/media\/381859"}],"wp:attachment":[{"href":"https:\/\/www.albinfo.at\/fr\/wp-json\/wp\/v2\/media?parent=381858"}],"wp:term":[{"taxonomy":"category","embeddable":true,"href":"https:\/\/www.albinfo.at\/fr\/wp-json\/wp\/v2\/categories?post=381858"},{"taxonomy":"post_tag","embeddable":true,"href":"https:\/\/www.albinfo.at\/fr\/wp-json\/wp\/v2\/tags?post=381858"},{"taxonomy":"vendi","embeddable":true,"href":"https:\/\/www.albinfo.at\/fr\/wp-json\/wp\/v2\/vendi?post=381858"},{"taxonomy":"content_country","embeddable":true,"href":"https:\/\/www.albinfo.at\/fr\/wp-json\/wp\/v2\/content_country?post=381858"}],"curies":[{"name":"wp","href":"https:\/\/api.w.org\/{rel}","templated":true}]}}