{"id":380447,"date":"2020-05-22T19:10:41","date_gmt":"2020-05-22T17:10:41","guid":{"rendered":"https:\/\/www.albinfo.ch\/?p=380447"},"modified":"2020-05-22T18:45:49","modified_gmt":"2020-05-22T16:45:49","slug":"le-conseil-federal-demande-un-credit-de-4582-millions-pour-les-constructions-de-la-confederation","status":"publish","type":"post","link":"https:\/\/www.albinfo.at\/fr\/le-conseil-federal-demande-un-credit-de-4582-millions-pour-les-constructions-de-la-confederation\/","title":{"rendered":"Le Conseil f\u00e9d\u00e9ral demande un cr\u00e9dit de 458,2 millions pour les constructions de la Conf\u00e9d\u00e9ration"},"content":{"rendered":"<div class=\"contentHead\"><\/div>\n<div class=\"mod mod-nsbnewsdetails\">\n<p><strong>Lors de sa s\u00e9ance du 20 mai 2020, le Conseil f\u00e9d\u00e9ral a adopt\u00e9 le message 2020 sur les immeubles. Par cette voie, il demande au Parlement des cr\u00e9dits d\u2019engagement pour un montant total de 458,2 millions de francs.<\/strong><\/p>\n<p>Sur cette somme, 130 millions de francs sont requis pour r\u00e9aliser la deuxi\u00e8me \u00e9tape de construction du centre administratif sis \u00e0 la Guisanplatz et 153,2 millions pour la location et le premier am\u00e9nagement du nouveau b\u00e2timent de laboratoires d\u2019Agroscope \u00e0 Posieux. Enfin, 175 millions de francs sont n\u00e9cessaires pour le cr\u00e9dit d\u2019engagement \u00abAutres projets immobiliers pour 2020\u00bb.<\/p>\n<h2>Deuxi\u00e8me \u00e9tape des travaux de construction \u00e0 la Guisanplatz<\/h2>\n<p>Un centre administratif de la Conf\u00e9d\u00e9ration est en train de voir le jour, en plusieurs \u00e9tapes, sur le site de l\u2019ancien arsenal f\u00e9d\u00e9ral de la Guisanplatz 1, \u00e0 Berne. La premi\u00e8re \u00e9tape des travaux s\u2019est d\u00e9roul\u00e9e de 2013 \u00e0 2019 et s\u2019est achev\u00e9e avec la construction des b\u00e2timents destin\u00e9s au Minist\u00e8re public de la Conf\u00e9d\u00e9ration (MPC), \u00e0 l\u2019Office f\u00e9d\u00e9ral de la police (fedpol), \u00e0 l\u2019Office f\u00e9d\u00e9ral de l\u2019armement (armasuisse) et \u00e0 l\u2019Office f\u00e9d\u00e9ral de la protection de la population (OFPP). Pour la deuxi\u00e8me \u00e9tape des travaux, le Conseil f\u00e9d\u00e9ral demande un cr\u00e9dit de 130 millions de francs. Il s\u2019agit d\u2019un b\u00e2timent de cinq \u00e9tages qui doit constituer la bordure nord du centre administratif et dont la r\u00e9alisation devrait \u00eatre achev\u00e9e d\u2019ici 2026. L\u2019objectif est de regrouper les bureaux de l\u2019unit\u00e9 administrative D\u00e9fense, qui sont actuellement diss\u00e9min\u00e9s sur diff\u00e9rents sites.<\/p>\n<h2>Nouveau b\u00e2timent de laboratoires d\u2019Agroscope \u00e0 Posieux<\/h2>\n<p>Un deuxi\u00e8me cr\u00e9dit d\u2019engagement de 153,2 millions de francs est pr\u00e9vu pour la construction du nouveau b\u00e2timent de laboratoires d\u2019Agroscope, \u00e0 Posieux. Ce montant comprend le d\u00e9m\u00e9nagement, d\u00e9j\u00e0 d\u00e9cid\u00e9, du site de Liebefeld \u00e0 Posieux. Centre de comp\u00e9tence de la Conf\u00e9d\u00e9ration pour la recherche agricole, Agroscope est rattach\u00e9 \u00e0 l\u2019Office f\u00e9d\u00e9ral de l\u2019agriculture (OFAG). Le nouveau b\u00e2timent de laboratoires sera financ\u00e9 et construit par le canton de Fribourg, puis lou\u00e9 \u00e0 la Conf\u00e9d\u00e9ration. La construction du nouveau b\u00e2timent est un \u00e9l\u00e9ment essentiel dans la concr\u00e9tisation de la future strat\u00e9gie d\u2019implantation d\u2019Agroscope, adopt\u00e9e par le Conseil f\u00e9d\u00e9ral le 8 mai 2020. \u00c0 l\u2019avenir, Agroscope comprendra un campus central \u00e0 Posieux (FR), deux centres r\u00e9gionaux \u2013 l\u2019un \u00e0 Changins (VD), l\u2019autre \u00e0 Reckenholz (ZH) \u2013 et des stations d\u2019essai d\u00e9centralis\u00e9es. Le nouveau b\u00e2timent permettra de concentrer les activit\u00e9s de laboratoire et les technologies de recherche, tout en r\u00e9duisant \u00e0 moyen et \u00e0 long terme les co\u00fbts d\u2019exploitation et d\u2019entretien des infrastructures de laboratoire d\u2019Agroscope.<\/p>\n<p>Le cr\u00e9dit d\u2019engagement \u00abAutres projets immobiliers pour 2020\u00bb, qui s\u2019\u00e9l\u00e8ve \u00e0 175 millions de francs, sera utilis\u00e9 pour des projets non sp\u00e9cifi\u00e9s individuellement, dont des travaux de construction d\u2019un co\u00fbt inf\u00e9rieur \u00e0 10 millions de francs pr\u00e9vus par l\u2019Office f\u00e9d\u00e9ral des constructions et de la logistique (OFCL).<\/p>\n<\/div>\n","protected":false},"excerpt":{"rendered":"<p>Lors de sa s\u00e9ance du 20 mai 2020, le Conseil f\u00e9d\u00e9ral a adopt\u00e9 le message 2020 sur les immeubles. Par cette voie, il demande au Parlement des cr\u00e9dits d\u2019engagement pour un montant total de 458,2 millions de francs. Sur cette somme, 130 millions de francs sont requis pour r\u00e9aliser la deuxi\u00e8me \u00e9tape de construction du [&hellip;]<\/p>\n","protected":false},"author":4,"featured_media":380445,"comment_status":"open","ping_status":"open","sticky":false,"template":"","format":"standard","meta":{"footnotes":""},"categories":[1171,1170],"tags":[],"vendi":[],"content_country":[],"class_list":["post-380447","post","type-post","status-publish","format-standard","has-post-thumbnail","hentry","category-thematique","category-vivre-en-suisse"],"acf":[],"_links":{"self":[{"href":"https:\/\/www.albinfo.at\/fr\/wp-json\/wp\/v2\/posts\/380447","targetHints":{"allow":["GET"]}}],"collection":[{"href":"https:\/\/www.albinfo.at\/fr\/wp-json\/wp\/v2\/posts"}],"about":[{"href":"https:\/\/www.albinfo.at\/fr\/wp-json\/wp\/v2\/types\/post"}],"author":[{"embeddable":true,"href":"https:\/\/www.albinfo.at\/fr\/wp-json\/wp\/v2\/users\/4"}],"replies":[{"embeddable":true,"href":"https:\/\/www.albinfo.at\/fr\/wp-json\/wp\/v2\/comments?post=380447"}],"version-history":[{"count":0,"href":"https:\/\/www.albinfo.at\/fr\/wp-json\/wp\/v2\/posts\/380447\/revisions"}],"wp:featuredmedia":[{"embeddable":true,"href":"https:\/\/www.albinfo.at\/fr\/wp-json\/wp\/v2\/media\/380445"}],"wp:attachment":[{"href":"https:\/\/www.albinfo.at\/fr\/wp-json\/wp\/v2\/media?parent=380447"}],"wp:term":[{"taxonomy":"category","embeddable":true,"href":"https:\/\/www.albinfo.at\/fr\/wp-json\/wp\/v2\/categories?post=380447"},{"taxonomy":"post_tag","embeddable":true,"href":"https:\/\/www.albinfo.at\/fr\/wp-json\/wp\/v2\/tags?post=380447"},{"taxonomy":"vendi","embeddable":true,"href":"https:\/\/www.albinfo.at\/fr\/wp-json\/wp\/v2\/vendi?post=380447"},{"taxonomy":"content_country","embeddable":true,"href":"https:\/\/www.albinfo.at\/fr\/wp-json\/wp\/v2\/content_country?post=380447"}],"curies":[{"name":"wp","href":"https:\/\/api.w.org\/{rel}","templated":true}]}}