{"id":378163,"date":"2020-05-13T22:04:17","date_gmt":"2020-05-13T20:04:17","guid":{"rendered":"https:\/\/www.albinfo.ch\/?p=378163"},"modified":"2020-05-14T14:45:03","modified_gmt":"2020-05-14T12:45:03","slug":"asile-statistiques-davril-2020","status":"publish","type":"post","link":"https:\/\/www.albinfo.at\/fr\/asile-statistiques-davril-2020\/","title":{"rendered":"Asile: statistiques d\u2019avril 2020"},"content":{"rendered":"<div class=\"contentHead\">\n<p>Pendant le mois d\u2019avril, le Secr\u00e9tariat d\u2019\u00c9tat aux migrations a trait\u00e9 1309\u00a0demandes d\u2019asile en premi\u00e8re instance. Parmi elles, 158 ont abouti \u00e0 une d\u00e9cision de non-entr\u00e9e en mati\u00e8re (dont 126 sur la base de l\u2019accord de Dublin), 381 \u00e0 l\u2019octroi de l\u2019asile et 432 \u00e0 l\u2019admission provisoire. Le nombre de cas en suspens en premi\u00e8re instance s\u2019\u00e9l\u00e8ve \u00e0 6098\u00a0; il est en baisse de 801 unit\u00e9s par rapport au mois pr\u00e9c\u00e9dent.<\/p>\n<\/div>\n<div class=\"mod mod-nsbnewsdetails\">\n<p>En avril toujours, 68 personnes ont quitt\u00e9 la Suisse sous le contr\u00f4le des autorit\u00e9s ou ont \u00e9t\u00e9 rapatri\u00e9es. Dans le cadre des mesures de pr\u00e9vention de l\u2019\u00e9pid\u00e9mie de coronavirus, la Suisse applique depuis le 25 mars 2020 des restrictions d\u2019entr\u00e9e depuis tous les \u00c9tats Schengen, \u00e0 l\u2019exception du Liechtenstein. Ces restrictions ont aussi pour cons\u00e9quence la suspension des transferts Dublin.<\/p>\n<p>Enfin, les principaux pays de provenance des requ\u00e9rants d\u2019asile arriv\u00e9s en Suisse au mois d\u2019avril ont \u00e9t\u00e9 l\u2019\u00c9rythr\u00e9e (96\u00a0demandes; -65 en comparaison avec le mois de mars), la Syrie (40 demandes\u00a0; -44), l\u2019Afghanistan (26 demandes\u00a0; -59), la Turquie (21\u00a0demandes\u00a0; -64), et le Sri Lanka (18 demandes\u00a0; -35).<\/p>\n<\/div>\n","protected":false},"excerpt":{"rendered":"<p>En raison de la crise du coronavirus, les requ\u00e9rants d\u2019asile sont moins nombreux \u00e0 rejoindre la Suisse : au mois d\u2019avril 2020, 332 demandes d\u2019asile ont \u00e9t\u00e9 d\u00e9pos\u00e9es en Suisse, soit une baisse de 65,5% (-631 demandes) par rapport au mois pr\u00e9c\u00e9dent et de 70,3 % (-786 demandes) par rapport \u00e0 avril 2019<\/p>\n","protected":false},"author":4,"featured_media":377156,"comment_status":"open","ping_status":"open","sticky":false,"template":"","format":"standard","meta":{"footnotes":""},"categories":[18826,22521,1170],"tags":[1671],"vendi":[],"content_country":[31835],"class_list":["post-378163","post","type-post","status-publish","format-standard","has-post-thumbnail","hentry","category-lajme-jeta-ne-zvicer-fr","category-coronavirus-minutes-par-minutes","category-vivre-en-suisse","tag-zvicer-fr","content_country-austria-fr"],"acf":[],"_links":{"self":[{"href":"https:\/\/www.albinfo.at\/fr\/wp-json\/wp\/v2\/posts\/378163","targetHints":{"allow":["GET"]}}],"collection":[{"href":"https:\/\/www.albinfo.at\/fr\/wp-json\/wp\/v2\/posts"}],"about":[{"href":"https:\/\/www.albinfo.at\/fr\/wp-json\/wp\/v2\/types\/post"}],"author":[{"embeddable":true,"href":"https:\/\/www.albinfo.at\/fr\/wp-json\/wp\/v2\/users\/4"}],"replies":[{"embeddable":true,"href":"https:\/\/www.albinfo.at\/fr\/wp-json\/wp\/v2\/comments?post=378163"}],"version-history":[{"count":0,"href":"https:\/\/www.albinfo.at\/fr\/wp-json\/wp\/v2\/posts\/378163\/revisions"}],"wp:featuredmedia":[{"embeddable":true,"href":"https:\/\/www.albinfo.at\/fr\/wp-json\/wp\/v2\/media\/377156"}],"wp:attachment":[{"href":"https:\/\/www.albinfo.at\/fr\/wp-json\/wp\/v2\/media?parent=378163"}],"wp:term":[{"taxonomy":"category","embeddable":true,"href":"https:\/\/www.albinfo.at\/fr\/wp-json\/wp\/v2\/categories?post=378163"},{"taxonomy":"post_tag","embeddable":true,"href":"https:\/\/www.albinfo.at\/fr\/wp-json\/wp\/v2\/tags?post=378163"},{"taxonomy":"vendi","embeddable":true,"href":"https:\/\/www.albinfo.at\/fr\/wp-json\/wp\/v2\/vendi?post=378163"},{"taxonomy":"content_country","embeddable":true,"href":"https:\/\/www.albinfo.at\/fr\/wp-json\/wp\/v2\/content_country?post=378163"}],"curies":[{"name":"wp","href":"https:\/\/api.w.org\/{rel}","templated":true}]}}