{"id":376363,"date":"2020-05-05T22:46:26","date_gmt":"2020-05-05T20:46:26","guid":{"rendered":"https:\/\/www.albinfo.ch\/?p=376363"},"modified":"2020-05-05T22:46:26","modified_gmt":"2020-05-05T20:46:26","slug":"climat-de-consommation-perspectives-sombres-pour-leconomie-et-le-marche-du-travail","status":"publish","type":"post","link":"https:\/\/www.albinfo.at\/fr\/climat-de-consommation-perspectives-sombres-pour-leconomie-et-le-marche-du-travail\/","title":{"rendered":"Climat de consommation : perspectives sombres pour l\u2019\u00e9conomie et le march\u00e9 du travail"},"content":{"rendered":"<div class=\"contentHead\"><\/div>\n<div class=\"mod mod-nsbnewsdetails\">\n<p>La confiance des consommateurs suisses s\u2019est d\u00e9grad\u00e9e, passant de \u22129 points en janvier \u00e0 \u221239 points*, un niveau nettement inf\u00e9rieur \u00e0 celui enregistr\u00e9 lors de la crise \u00e9conomique et financi\u00e8re de 2008-2009. Pour retrouver des valeurs semblables, il faut remonter \u00e0 la crise de l\u2019immobilier qui a marqu\u00e9 le d\u00e9but des ann\u00e9es 1990. \u00c0 l\u2019\u00e9poque, l\u2019\u00e9conomie suisse avait bascul\u00e9 dans une r\u00e9cession prolong\u00e9e, qui s\u2019\u00e9tait accompagn\u00e9e d\u2019une flamb\u00e9e du ch\u00f4mage.<\/p>\n<p>Les personnes sond\u00e9es sont nettement plus pessimistes en avril pour ce qui est de l\u2019\u00e9volution de l\u2019\u00e9conomie dans son ensemble. Le sous-indice correspondant a recul\u00e9 \u00e0 \u221278 points, un niveau jamais atteint auparavant. Les anticipations concernant le march\u00e9 du travail sont, elles aussi, moroses. L\u2019indice sur l\u2019\u00e9volution du ch\u00f4mage a enregistr\u00e9 sa plus forte hausse en l\u2019espace d\u2019un trimestre depuis 2007, soit le d\u00e9but de son calcul ; il \u00e9gale presque le plancher historique atteint lors de la crise \u00e9conomique et financi\u00e8re. La s\u00e9curit\u00e9 de l\u2019emploi est par ailleurs consid\u00e9r\u00e9e moins bonne que lors des trimestres pr\u00e9c\u00e9dents, mais le recul n\u2019est pas aussi marqu\u00e9.<\/p>\n<p>S\u2019agissant de leurs finances personnelles, les personnes interrog\u00e9es se pr\u00e9parent \u00e9galement \u00e0 traverser une p\u00e9riode difficile. Le sous-indice portant sur la situation financi\u00e8re future s\u2019inscrit \u00e0 \u221224 points ; c\u2019est la premi\u00e8re fois que de telles valeurs sont relev\u00e9es depuis le d\u00e9but des ann\u00e9es 1990. Les possibilit\u00e9s d\u2019\u00e9pargne ont, elles aussi, \u00e9t\u00e9 jug\u00e9es nettement plus restreintes que les trimestres pr\u00e9c\u00e9dents.<\/p>\n<p>Seule l\u2019appr\u00e9ciation de la situation financi\u00e8re pass\u00e9e apporte une note positive en avril. La tendance observ\u00e9e lors des derniers trimestres s\u2019est maintenue : la baisse des prix \u00e0 la consommation et la l\u00e9g\u00e8re hausse des salaires nominaux continuent de soutenir le pouvoir d\u2019achat des m\u00e9nages. Pour la premi\u00e8re fois en quatre ans, le sous-indice relatif \u00e0 l\u2019appr\u00e9ciation de la situation financi\u00e8re pass\u00e9e (\u22127 points) a pratiquement retrouv\u00e9 sa moyenne historique.<\/p>\n<p>Enfin, \u00e0 la question de savoir si le moment est propice pour proc\u00e9der \u00e0 des achats importants, les consommateurs ont apport\u00e9 en avril la r\u00e9ponse la plus n\u00e9gative jamais relev\u00e9e. Le sous-indice correspondant s\u2019\u00e9tablit \u00e0 \u221248 points. L\u2019explication r\u00e9side dans la crise du coronavirus : l\u2019incertitude est grande, les anticipations de l\u2019\u00e9volution \u00e9conomique sont d\u00e9favorables et la fermeture des magasins, impos\u00e9e pour faire face aux circonstances extraordinaires, limite fortement les possibilit\u00e9s de r\u00e9aliser des achats.<\/p>\n<p>* R\u00e9sultats d\u00e9finitifs pour le 2e trimestre 2020. Les r\u00e9sultats provisoires du 15 avril ont subi de l\u00e9g\u00e8res r\u00e9visions.<\/p>\n<\/div>\n","protected":false},"excerpt":{"rendered":"<p>Le climat de consommation en Suisse atteint un plancher historique. Dans le contexte du coronavirus, les personnes interrog\u00e9es sont pessimistes s\u2019agissant de l\u2019\u00e9volution de l\u2019\u00e9conomie dans son ensemble et du ch\u00f4mage, mais aussi de leur propre situation financi\u00e8re<\/p>\n","protected":false},"author":4,"featured_media":276644,"comment_status":"open","ping_status":"open","sticky":false,"template":"","format":"standard","meta":{"footnotes":""},"categories":[1171,1170],"tags":[],"vendi":[],"content_country":[],"class_list":["post-376363","post","type-post","status-publish","format-standard","has-post-thumbnail","hentry","category-thematique","category-vivre-en-suisse"],"acf":[],"_links":{"self":[{"href":"https:\/\/www.albinfo.at\/fr\/wp-json\/wp\/v2\/posts\/376363","targetHints":{"allow":["GET"]}}],"collection":[{"href":"https:\/\/www.albinfo.at\/fr\/wp-json\/wp\/v2\/posts"}],"about":[{"href":"https:\/\/www.albinfo.at\/fr\/wp-json\/wp\/v2\/types\/post"}],"author":[{"embeddable":true,"href":"https:\/\/www.albinfo.at\/fr\/wp-json\/wp\/v2\/users\/4"}],"replies":[{"embeddable":true,"href":"https:\/\/www.albinfo.at\/fr\/wp-json\/wp\/v2\/comments?post=376363"}],"version-history":[{"count":0,"href":"https:\/\/www.albinfo.at\/fr\/wp-json\/wp\/v2\/posts\/376363\/revisions"}],"wp:featuredmedia":[{"embeddable":true,"href":"https:\/\/www.albinfo.at\/fr\/wp-json\/wp\/v2\/media\/276644"}],"wp:attachment":[{"href":"https:\/\/www.albinfo.at\/fr\/wp-json\/wp\/v2\/media?parent=376363"}],"wp:term":[{"taxonomy":"category","embeddable":true,"href":"https:\/\/www.albinfo.at\/fr\/wp-json\/wp\/v2\/categories?post=376363"},{"taxonomy":"post_tag","embeddable":true,"href":"https:\/\/www.albinfo.at\/fr\/wp-json\/wp\/v2\/tags?post=376363"},{"taxonomy":"vendi","embeddable":true,"href":"https:\/\/www.albinfo.at\/fr\/wp-json\/wp\/v2\/vendi?post=376363"},{"taxonomy":"content_country","embeddable":true,"href":"https:\/\/www.albinfo.at\/fr\/wp-json\/wp\/v2\/content_country?post=376363"}],"curies":[{"name":"wp","href":"https:\/\/api.w.org\/{rel}","templated":true}]}}