{"id":373833,"date":"2020-04-26T15:33:29","date_gmt":"2020-04-26T13:33:29","guid":{"rendered":"https:\/\/www.albinfo.ch\/?p=373833"},"modified":"2020-04-26T15:33:29","modified_gmt":"2020-04-26T13:33:29","slug":"investir-pour-le-climat-et-la-transition-energetique-afin-de-mieux-sortir-de-la-crise","status":"publish","type":"post","link":"https:\/\/www.albinfo.at\/fr\/investir-pour-le-climat-et-la-transition-energetique-afin-de-mieux-sortir-de-la-crise\/","title":{"rendered":"Investir pour le climat et la transition \u00e9nerg\u00e9tique afin de mieux sortir de la crise"},"content":{"rendered":"<p>Pour la pr\u00e9sidente de la Conf\u00e9d\u00e9ration Simonetta Sommaruga, le climat doit redevenir une priorit\u00e9 dans l\u2019agenda politique international, au m\u00eame titre que la lutte contre la crise du coronavirus. Lors de deux conf\u00e9rences minist\u00e9rielles virtuelles, la pr\u00e9sidente affirme son credo : prot\u00e9ger l\u2019environnement et cr\u00e9er de l\u2019emploi, relancer la croissance tout en respectant les objectifs de l\u2019Accord de Paris sur le climat, telle est la strat\u00e9gie \u00e0 adopter pour sortir durablement de la crise.<\/p>\n<p>Face \u00e0 la pand\u00e9mie, le monde entier a d\u00fb parer au plus press\u00e9, les gouvernements prenant des mesures drastiques pour prot\u00e9ger la sant\u00e9 de la population. C\u2019\u00e9tait vital. Il s\u2019agit maintenant de relancer les activit\u00e9s avec prudence et cr\u00e9ativit\u00e9, sur le plan sanitaire mais aussi \u00e9cologique.<\/p>\n<p>En effet, la temp\u00e9rature globale continue de s\u2019\u00e9lever. En Suisse, la s\u00e9cheresse a domin\u00e9 ces derni\u00e8res semaines. Elle pose de s\u00e9rieux probl\u00e8mes aux agriculteurs et augmente dangereusement le risque d\u2019incendie de for\u00eat, ceci bien avant l\u2019arriv\u00e9e de l\u2019\u00e9t\u00e9.<\/p>\n<p>Taxes d\u2019incitation, programmes pour \u00e9conomiser l\u2019\u00e9nergie, fonds permettant d\u2019investir dans les \u00e9nergies renouvelables, constructions durables, mobilit\u00e9 propre et transports publics sont autant de mesures existantes qui vont soutenir l\u2019\u00e9conomie dans les difficiles mois \u00e0 venir et qui pourraient \u00eatre renforc\u00e9es.<\/p>\n<p>La Suisse vient de d\u00e9bloquer 46 millions de francs suppl\u00e9mentaires destin\u00e9s \u00e0 \u00eatre investis dans l\u2019\u00e9nergie solaire. Ces moyens s\u2019ajoutent aux 330 millions d\u00e9j\u00e0 r\u00e9serv\u00e9s au photovolta\u00efque pour 2020. La Suisse examine d\u2019autres mesures qui devront att\u00e9nuer rapidement les effets de la crise pour les PME et contribuer aux objectifs \u00e0 long terme de notre politique \u00e9nerg\u00e9tique et climatique.<\/p>\n<p>La pr\u00e9sidente de la Conf\u00e9d\u00e9ration s\u2019est exprim\u00e9e lors de la table ronde minist\u00e9rielle consacr\u00e9e \u00e0 une relance \u00e9conomique ax\u00e9e sur l\u2019efficacit\u00e9 \u00e9nerg\u00e9tique et les \u00e9nergies renouvelables. Cette rencontre virtuelle a \u00e9t\u00e9 organis\u00e9e par le Danemark et l\u2019Agence internationale de l\u2019\u00e9nergie. Elle a permis aux participants d\u2019\u00e9changer des id\u00e9es et des exp\u00e9riences en vue d\u2019acc\u00e9l\u00e9rer la sortie de crise et la transition \u00e9nerg\u00e9tique.<\/p>\n<p>La pr\u00e9sidente de la Conf\u00e9d\u00e9ration Simonetta Sommaruga participera par ailleurs \u00e0 la 11e \u00e9dition du \u00ab Dialogue de Petersberg sur le climat \u00bb le 28 avril. Le secr\u00e9taire g\u00e9n\u00e9ral des Nations Unis Ant\u00f3nio Guterres et la chanceli\u00e8re allemande Angela Merkel y sont attendus. La Grande-Bretagne, pays organisant la prochaine COP des Nations Unies sur le climat, devrait aussi participer.<\/p>\n","protected":false},"excerpt":{"rendered":"<p>prot\u00e9ger l\u2019environnement et cr\u00e9er de l\u2019emploi, relancer la croissance tout en respectant les objectifs de l\u2019Accord de Paris sur le climat, telle est la strat\u00e9gie \u00e0 adopter pour sortir durablement de la crise<\/p>\n","protected":false},"author":4,"featured_media":304108,"comment_status":"open","ping_status":"open","sticky":false,"template":"","format":"standard","meta":{"footnotes":""},"categories":[1171,1170],"tags":[],"vendi":[],"content_country":[],"class_list":["post-373833","post","type-post","status-publish","format-standard","has-post-thumbnail","hentry","category-thematique","category-vivre-en-suisse"],"acf":[],"_links":{"self":[{"href":"https:\/\/www.albinfo.at\/fr\/wp-json\/wp\/v2\/posts\/373833","targetHints":{"allow":["GET"]}}],"collection":[{"href":"https:\/\/www.albinfo.at\/fr\/wp-json\/wp\/v2\/posts"}],"about":[{"href":"https:\/\/www.albinfo.at\/fr\/wp-json\/wp\/v2\/types\/post"}],"author":[{"embeddable":true,"href":"https:\/\/www.albinfo.at\/fr\/wp-json\/wp\/v2\/users\/4"}],"replies":[{"embeddable":true,"href":"https:\/\/www.albinfo.at\/fr\/wp-json\/wp\/v2\/comments?post=373833"}],"version-history":[{"count":0,"href":"https:\/\/www.albinfo.at\/fr\/wp-json\/wp\/v2\/posts\/373833\/revisions"}],"wp:featuredmedia":[{"embeddable":true,"href":"https:\/\/www.albinfo.at\/fr\/wp-json\/wp\/v2\/media\/304108"}],"wp:attachment":[{"href":"https:\/\/www.albinfo.at\/fr\/wp-json\/wp\/v2\/media?parent=373833"}],"wp:term":[{"taxonomy":"category","embeddable":true,"href":"https:\/\/www.albinfo.at\/fr\/wp-json\/wp\/v2\/categories?post=373833"},{"taxonomy":"post_tag","embeddable":true,"href":"https:\/\/www.albinfo.at\/fr\/wp-json\/wp\/v2\/tags?post=373833"},{"taxonomy":"vendi","embeddable":true,"href":"https:\/\/www.albinfo.at\/fr\/wp-json\/wp\/v2\/vendi?post=373833"},{"taxonomy":"content_country","embeddable":true,"href":"https:\/\/www.albinfo.at\/fr\/wp-json\/wp\/v2\/content_country?post=373833"}],"curies":[{"name":"wp","href":"https:\/\/api.w.org\/{rel}","templated":true}]}}