{"id":361920,"date":"2020-03-10T14:12:49","date_gmt":"2020-03-10T13:12:49","guid":{"rendered":"https:\/\/www.albinfo.ch\/?p=361920"},"modified":"2020-03-11T18:04:09","modified_gmt":"2020-03-11T17:04:09","slug":"coronavirus-le-troisieme-deces-a-ete-signale-en-suisse","status":"publish","type":"post","link":"https:\/\/www.albinfo.at\/fr\/coronavirus-le-troisieme-deces-a-ete-signale-en-suisse\/","title":{"rendered":"Coronavirus: Le troisi\u00e8me d\u00e9c\u00e8s a \u00e9t\u00e9 signal\u00e9 en Suisse."},"content":{"rendered":"<p>Le troisi\u00e8me d\u00e9c\u00e8s a \u00e9t\u00e9 signal\u00e9 en Suisse. Il s&#8217;agit d&#8217;une femme de plus de 80 ans du canton du Tessin. L&#8217;OFSP est en contact avec les autorit\u00e9s du canton du Tessin.<\/p>\n<p><b>Le 10 mars 2020, 12 h<\/b><br \/>\nNombre\u00a0<b>de cas confirm\u00e9s<\/b>\u00a0: 476 personnes<\/p>\n<p><b>Des cas signal\u00e9s par les cantons suivants<\/b>\u00a0: Appenzell Rhodes-Ext\u00e9rieures, Argovie, B\u00e2le-Campagne, B\u00e2le-Ville, Berne, Fribourg, Gen\u00e8ve, Grisons, Jura, Lucerne, Neuch\u00e2tel, Saint-Gall, Schwyz, Soleure, Tessin, Thurgovie, Vaud, Valais, Zoug, Zurich et par la Principaut\u00e9 de Liechtenstein.<\/p>\n<p><a href=\"https:\/\/www.bag.admin.ch\/bag\/fr\/home\/krankheiten\/ausbrueche-epidemien-pandemien\/aktuelle-ausbrueche-epidemien\/novel-cov.html\">www.bag.admin.ch<\/a><\/p>\n","protected":false},"excerpt":{"rendered":"<p>Le troisi\u00e8me d\u00e9c\u00e8s a \u00e9t\u00e9 signal\u00e9 en Suisse. Il s&#8217;agit d&#8217;une femme de plus de 80 ans du canton du Tessin. L&#8217;OFSP est en contact avec les autorit\u00e9s du canton du Tessin. Le 10 mars 2020, 12 h Nombre\u00a0de cas confirm\u00e9s\u00a0: 476 personnes Des cas signal\u00e9s par les cantons suivants\u00a0: Appenzell Rhodes-Ext\u00e9rieures, Argovie, B\u00e2le-Campagne, B\u00e2le-Ville, [&hellip;]<\/p>\n","protected":false},"author":6,"featured_media":361726,"comment_status":"open","ping_status":"open","sticky":false,"template":"","format":"standard","meta":{"footnotes":""},"categories":[18826,1170],"tags":[1671],"vendi":[],"content_country":[],"class_list":["post-361920","post","type-post","status-publish","format-standard","has-post-thumbnail","hentry","category-lajme-jeta-ne-zvicer-fr","category-vivre-en-suisse","tag-zvicer-fr"],"acf":[],"_links":{"self":[{"href":"https:\/\/www.albinfo.at\/fr\/wp-json\/wp\/v2\/posts\/361920","targetHints":{"allow":["GET"]}}],"collection":[{"href":"https:\/\/www.albinfo.at\/fr\/wp-json\/wp\/v2\/posts"}],"about":[{"href":"https:\/\/www.albinfo.at\/fr\/wp-json\/wp\/v2\/types\/post"}],"author":[{"embeddable":true,"href":"https:\/\/www.albinfo.at\/fr\/wp-json\/wp\/v2\/users\/6"}],"replies":[{"embeddable":true,"href":"https:\/\/www.albinfo.at\/fr\/wp-json\/wp\/v2\/comments?post=361920"}],"version-history":[{"count":0,"href":"https:\/\/www.albinfo.at\/fr\/wp-json\/wp\/v2\/posts\/361920\/revisions"}],"wp:featuredmedia":[{"embeddable":true,"href":"https:\/\/www.albinfo.at\/fr\/wp-json\/wp\/v2\/media\/361726"}],"wp:attachment":[{"href":"https:\/\/www.albinfo.at\/fr\/wp-json\/wp\/v2\/media?parent=361920"}],"wp:term":[{"taxonomy":"category","embeddable":true,"href":"https:\/\/www.albinfo.at\/fr\/wp-json\/wp\/v2\/categories?post=361920"},{"taxonomy":"post_tag","embeddable":true,"href":"https:\/\/www.albinfo.at\/fr\/wp-json\/wp\/v2\/tags?post=361920"},{"taxonomy":"vendi","embeddable":true,"href":"https:\/\/www.albinfo.at\/fr\/wp-json\/wp\/v2\/vendi?post=361920"},{"taxonomy":"content_country","embeddable":true,"href":"https:\/\/www.albinfo.at\/fr\/wp-json\/wp\/v2\/content_country?post=361920"}],"curies":[{"name":"wp","href":"https:\/\/api.w.org\/{rel}","templated":true}]}}