{"id":360904,"date":"2020-03-05T18:35:32","date_gmt":"2020-03-05T17:35:32","guid":{"rendered":"https:\/\/www.albinfo.ch\/?p=360904"},"modified":"2020-03-11T18:05:24","modified_gmt":"2020-03-11T17:05:24","slug":"nouveau-coronavirus-premier-deces-dans-le-canton-de-vaud","status":"publish","type":"post","link":"https:\/\/www.albinfo.at\/fr\/nouveau-coronavirus-premier-deces-dans-le-canton-de-vaud\/","title":{"rendered":"Nouveau coronavirus : premier d\u00e9c\u00e8s dans le canton de Vaud"},"content":{"rendered":"<p>Le canton de Vaud a communiqu\u00e9 le 5 mars 2020 un d\u00e9c\u00e8s d\u00fb au nouveau coronavirus. Il s\u2019agit du premier d\u00e9c\u00e8s en Suisse. L\u2019Office f\u00e9d\u00e9ral de la sant\u00e9 publique est en contact \u00e9troit avec les autorit\u00e9s du canton de Vaud.<\/p>\n<p>La personne d\u00e9c\u00e9d\u00e9e est une femme de 74 ans infect\u00e9e par le coronavirus. Elle \u00e9tait hospitalis\u00e9e depuis le 3 mars et est d\u00e9c\u00e9d\u00e9e durant la nuit du 4 au 5 mars. Les autorit\u00e9s vaudoises feront un point de situation dans le cadre d\u2019un point presse \u00e0 13h30.<\/p>\n","protected":false},"excerpt":{"rendered":"<p>Le canton de Vaud a communiqu\u00e9 le 5 mars 2020 un d\u00e9c\u00e8s d\u00fb au nouveau coronavirus. Il s\u2019agit du premier d\u00e9c\u00e8s en Suisse. L\u2019Office f\u00e9d\u00e9ral de la sant\u00e9 publique est en contact \u00e9troit avec les autorit\u00e9s du canton de Vaud. La personne d\u00e9c\u00e9d\u00e9e est une femme de 74 ans infect\u00e9e par le coronavirus. Elle \u00e9tait [&hellip;]<\/p>\n","protected":false},"author":4,"featured_media":358296,"comment_status":"open","ping_status":"open","sticky":false,"template":"","format":"standard","meta":{"footnotes":""},"categories":[18826,24630,1170],"tags":[1671],"vendi":[],"content_country":[],"class_list":["post-360904","post","type-post","status-publish","format-standard","has-post-thumbnail","hentry","category-lajme-jeta-ne-zvicer-fr","category-nouvelles","category-vivre-en-suisse","tag-zvicer-fr"],"acf":[],"_links":{"self":[{"href":"https:\/\/www.albinfo.at\/fr\/wp-json\/wp\/v2\/posts\/360904","targetHints":{"allow":["GET"]}}],"collection":[{"href":"https:\/\/www.albinfo.at\/fr\/wp-json\/wp\/v2\/posts"}],"about":[{"href":"https:\/\/www.albinfo.at\/fr\/wp-json\/wp\/v2\/types\/post"}],"author":[{"embeddable":true,"href":"https:\/\/www.albinfo.at\/fr\/wp-json\/wp\/v2\/users\/4"}],"replies":[{"embeddable":true,"href":"https:\/\/www.albinfo.at\/fr\/wp-json\/wp\/v2\/comments?post=360904"}],"version-history":[{"count":0,"href":"https:\/\/www.albinfo.at\/fr\/wp-json\/wp\/v2\/posts\/360904\/revisions"}],"wp:featuredmedia":[{"embeddable":true,"href":"https:\/\/www.albinfo.at\/fr\/wp-json\/wp\/v2\/media\/358296"}],"wp:attachment":[{"href":"https:\/\/www.albinfo.at\/fr\/wp-json\/wp\/v2\/media?parent=360904"}],"wp:term":[{"taxonomy":"category","embeddable":true,"href":"https:\/\/www.albinfo.at\/fr\/wp-json\/wp\/v2\/categories?post=360904"},{"taxonomy":"post_tag","embeddable":true,"href":"https:\/\/www.albinfo.at\/fr\/wp-json\/wp\/v2\/tags?post=360904"},{"taxonomy":"vendi","embeddable":true,"href":"https:\/\/www.albinfo.at\/fr\/wp-json\/wp\/v2\/vendi?post=360904"},{"taxonomy":"content_country","embeddable":true,"href":"https:\/\/www.albinfo.at\/fr\/wp-json\/wp\/v2\/content_country?post=360904"}],"curies":[{"name":"wp","href":"https:\/\/api.w.org\/{rel}","templated":true}]}}