{"id":344931,"date":"2020-01-10T20:45:59","date_gmt":"2020-01-10T19:45:59","guid":{"rendered":"https:\/\/www.albinfo.ch\/?p=344931"},"modified":"2020-01-10T20:45:59","modified_gmt":"2020-01-10T19:45:59","slug":"world-economic-forum-2020-engagement-de-larmee","status":"publish","type":"post","link":"https:\/\/www.albinfo.at\/fr\/world-economic-forum-2020-engagement-de-larmee\/","title":{"rendered":"World Economic Forum 2020 : engagement de l&#8217;arm\u00e9e"},"content":{"rendered":"<p>L\u2019engagement de l\u2019arm\u00e9e en faveur du canton des Grisons pour la 50e rencontre annuelle du Forum \u00e9conomique mondial (WEF) a d\u00e9but\u00e9 \u00e0 Davos. De nombreux militaires, plac\u00e9s pour l\u2019occasion sous la direction des autorit\u00e9s civiles grisonnes, sont d\u00e9j\u00e0 \u00e0 pied d\u2019\u0153uvre dans la mise en place du dispositif de s\u00e9curit\u00e9. Les Forces a\u00e9riennes ont renforc\u00e9 la surveillance et la s\u00e9curit\u00e9 de l\u2019espace a\u00e9rien au-dessus de Davos en engageant des moyens suppl\u00e9mentaires : radars, avions de combat pr\u00eats \u00e0 intervenir et syst\u00e8mes de d\u00e9fense sol-air.<\/p>\n<p>Pour assurer la s\u00e9curit\u00e9 des h\u00f4tes du Forum \u00e9conomique mondial (WEF), l\u2019arm\u00e9e est engag\u00e9e aux c\u00f4t\u00e9s des forces de police. Garantir la s\u00e9curit\u00e9 dans l\u2019espace a\u00e9rien est une t\u00e2che qui incombe \u00e0 la Conf\u00e9d\u00e9ration. Les Forces a\u00e9riennes en assument donc la responsabilit\u00e9 avec des avions de combat arm\u00e9s patrouillant en permanence (pendant les conf\u00e9rences), des syst\u00e8mes de d\u00e9fense sol-air, des radars additionnels, une surveillance renforc\u00e9e de l\u2019espace a\u00e9rien et un service de police a\u00e9rienne 24 heures sur 24 (au-dessus de l\u2019ensemble du territoire suisse).<\/p>\n<p><strong>Vols de surveillance et transports par voie a\u00e9rienne<\/strong><br \/>\nEn parall\u00e8le, les Forces a\u00e9riennes effectuent \u00e9galement des vols de surveillance et des transports en faveur des autorit\u00e9s cantonales grisonnes. Pendant le WEF 2020, soit du 20 au 25 janvier, le trafic a\u00e9rien au-dessus de la Suisse, de l\u2019Autriche, du Liechtenstein et de l\u2019Italie sera soumis \u00e0 des restrictions dans un rayon de 25 miles nautiques (env. 46 km) autour de Davos. Ceci vaut aussi pour l\u2019entra\u00eenement du vendredi 17 janvier 2020, qui aura lieu de 13h00 \u00e0 17h00. Les vols \u00e0 destination et au d\u00e9part des a\u00e9rodromes et des h\u00e9liports de la r\u00e9gion doivent se conformer aux dispositions et proc\u00e9dures sp\u00e9ciales \u00e9labor\u00e9es par les Forces a\u00e9riennes en collaboration avec l\u2019Office f\u00e9d\u00e9ral de l\u2019aviation civile (OFAC). Tous les vols sont soumis \u00e0 autorisation. L\u2019accr\u00e9ditation pr\u00e9alable des pilotes et des a\u00e9ronefs est indispensable pour recevoir l\u2019autorisation de survol.<\/p>\n<p>Cette ann\u00e9e \u00e9galement, les personnalit\u00e9s (VIP) participant au WEF pourront atterrir directement sur la Base a\u00e9rienne de D\u00fcbendorf, d\u2019o\u00f9 elles pourront rejoindre Davos par h\u00e9licopt\u00e8re priv\u00e9 ou par route. C\u2019est pourquoi des contr\u00f4les de personnes et des d\u00e9douanements seront effectu\u00e9s sur la Base a\u00e9rienne de D\u00fcbendorf selon les directives Schengen.<\/p>\n<p><strong>L\u2019arm\u00e9e au service de la s\u00e9curit\u00e9, de la logistique et de la conduite<\/strong><br \/>\nLes militaires ont commenc\u00e9 leurs travaux au profit du canton des Grisons en vue de la rencontre annuelle 2020 du WEF, qui marque cette ann\u00e9e le jubil\u00e9 de la manifestation. Les pr\u00e9paratifs et les travaux de mise en place dans le domaine de la s\u00e9curit\u00e9, de la logistique et de l\u2019aide au commandement battent leur plein.<\/p>\n<p>Le Parlement f\u00e9d\u00e9ral a fix\u00e9 \u00e0 5000 le nombre maximal de militaires qui effectueront un service d\u2019appui du 17 au 27 janvier 2020 dans le cadre de cet engagement. Seule une partie d\u2019entre eux seront pr\u00e9sents sur place \u00e0 Davos lors de la rencontre. Les autres auront pour mission de prot\u00e9ger les infrastructures en dehors de la ville et de fournir des prestations dans les domaines de la logistique et de l\u2019aide au commandement. Pour accomplir sa mission durant l\u2019engagement de soutien, la troupe doit se soumettre \u00e0 des r\u00e8gles strictes, approuv\u00e9es par les autorit\u00e9s civiles comp\u00e9tentes.<\/p>\n<p>Son engagement se fonde sur le principe de subsidiarit\u00e9 : les autorit\u00e9s civiles, repr\u00e9sent\u00e9es par le colonel Walter Schlegel, commandant de la police cantonale des Grisons, assument une responsabilit\u00e9 globale, sauf pour la sauvegarde de la souverainet\u00e9 a\u00e9rienne. Le commandant de corps Aldo C. Schellenberg, chef du commandement des Op\u00e9rations et rempla\u00e7ant du chef de l\u2019Arm\u00e9e, dirige, pour sa part, les formations militaires engag\u00e9es en faveur du WEF.<\/p>\n","protected":false},"excerpt":{"rendered":"<p>Le Parlement f\u00e9d\u00e9ral a fix\u00e9 \u00e0 5000 le nombre maximal de militaires qui effectueront un service d\u2019appui du 17 au 27 janvier 2020 dans le cadre de cet engagement<\/p>\n","protected":false},"author":4,"featured_media":344921,"comment_status":"open","ping_status":"open","sticky":false,"template":"","format":"standard","meta":{"footnotes":""},"categories":[18826,1170],"tags":[],"vendi":[],"content_country":[],"class_list":["post-344931","post","type-post","status-publish","format-standard","has-post-thumbnail","hentry","category-lajme-jeta-ne-zvicer-fr","category-vivre-en-suisse"],"acf":[],"_links":{"self":[{"href":"https:\/\/www.albinfo.at\/fr\/wp-json\/wp\/v2\/posts\/344931","targetHints":{"allow":["GET"]}}],"collection":[{"href":"https:\/\/www.albinfo.at\/fr\/wp-json\/wp\/v2\/posts"}],"about":[{"href":"https:\/\/www.albinfo.at\/fr\/wp-json\/wp\/v2\/types\/post"}],"author":[{"embeddable":true,"href":"https:\/\/www.albinfo.at\/fr\/wp-json\/wp\/v2\/users\/4"}],"replies":[{"embeddable":true,"href":"https:\/\/www.albinfo.at\/fr\/wp-json\/wp\/v2\/comments?post=344931"}],"version-history":[{"count":0,"href":"https:\/\/www.albinfo.at\/fr\/wp-json\/wp\/v2\/posts\/344931\/revisions"}],"wp:featuredmedia":[{"embeddable":true,"href":"https:\/\/www.albinfo.at\/fr\/wp-json\/wp\/v2\/media\/344921"}],"wp:attachment":[{"href":"https:\/\/www.albinfo.at\/fr\/wp-json\/wp\/v2\/media?parent=344931"}],"wp:term":[{"taxonomy":"category","embeddable":true,"href":"https:\/\/www.albinfo.at\/fr\/wp-json\/wp\/v2\/categories?post=344931"},{"taxonomy":"post_tag","embeddable":true,"href":"https:\/\/www.albinfo.at\/fr\/wp-json\/wp\/v2\/tags?post=344931"},{"taxonomy":"vendi","embeddable":true,"href":"https:\/\/www.albinfo.at\/fr\/wp-json\/wp\/v2\/vendi?post=344931"},{"taxonomy":"content_country","embeddable":true,"href":"https:\/\/www.albinfo.at\/fr\/wp-json\/wp\/v2\/content_country?post=344931"}],"curies":[{"name":"wp","href":"https:\/\/api.w.org\/{rel}","templated":true}]}}