{"id":335785,"date":"2019-12-09T17:24:04","date_gmt":"2019-12-09T16:24:04","guid":{"rendered":"https:\/\/www.albinfo.ch\/?p=335785"},"modified":"2019-12-09T17:24:04","modified_gmt":"2019-12-09T16:24:04","slug":"la-situation-sur-le-marche-du-travail-en-novembre-2019","status":"publish","type":"post","link":"https:\/\/www.albinfo.at\/fr\/la-situation-sur-le-marche-du-travail-en-novembre-2019\/","title":{"rendered":"La situation sur le march\u00e9 du travail en novembre 2019"},"content":{"rendered":"<p>Les ch\u00f4meurs inscrits en novembre 2019 &#8211; Selon les relev\u00e9s du Secr\u00e9tariat d&#8217;Etat \u00e0 l&#8217;\u00e9conomie (SECO), \u00e0 fin novembre 2019, 106\u2019330 personnes \u00e9taient inscrites au ch\u00f4mage aupr\u00e8s des offices r\u00e9gionaux de placement (ORP), soit 4\u2019646 de plus que le mois pr\u00e9c\u00e9dent. Le taux de ch\u00f4mage a augment\u00e9, passant de 2,2% en octobre 2019 \u00e0 2,3% pendant le mois sous revue. Le ch\u00f4mage a diminu\u00e9 de 4\u2019144 personnes (-3,8%) par rapport au mois correspondant de l&#8217;ann\u00e9e pr\u00e9c\u00e9dente.<\/p>\n<p><strong>Le ch\u00f4mage des jeunes en novembre 2019<\/strong><br \/>\nLe ch\u00f4mage des jeunes (de 15 \u00e0 24 ans) a diminu\u00e9 de 32 personnes (-0,3%), passant \u00e0 11\u2019960. Par rapport au m\u00eame mois de l\u2019ann\u00e9e pr\u00e9c\u00e9dente, il a diminu\u00e9 de 1\u2019060 personnes (-8,1%).<\/p>\n<p><strong>Ch\u00f4meurs de 50-64 ans en novembre 2019<\/strong><br \/>\nLe nombre des ch\u00f4meurs de 50-64 ans a augment\u00e9 de 1\u2019410 personnes (+5,0%) pour s\u2019\u00e9tablir \u00e0 29\u2019819 personnes. Par rapport au m\u00eame mois de l\u2019ann\u00e9e pr\u00e9c\u00e9dente, cela correspond \u00e0 une diminution de 771 personnes (-2,5%).<\/p>\n<p><strong>Demandeurs d&#8217;emploi en novembre 2019<\/strong><br \/>\nL\u2019ensemble des demandeurs d\u2019emploi inscrits se chiffre \u00e0 182\u2019427 personnes, soit 5\u2019932 de plus que le mois pr\u00e9c\u00e9dent et 7\u2019785 (-4,1%) de moins qu&#8217;au m\u00eame mois de l&#8217;ann\u00e9e pr\u00e9c\u00e9dente.<\/p>\n<p><strong>Places vacantes annonc\u00e9es en novembre 2019<\/strong><br \/>\nLe 1er juillet 2018, l\u2019obligation d\u2019annoncer les postes vacants pour les genres de professions dont le taux de ch\u00f4mage national atteint au moins 8% a \u00e9t\u00e9 introduite dans toute la Suisse. Il a diminu\u00e9 de 2\u2019759 en novembre, passant \u00e0 32\u2019168. Parmi ces 32\u2019168 places, 19\u2019545 \u00e9taient soumises \u00e0 l\u2019obligation d\u2019annonce.<\/p>\n<p><strong>R\u00e9ductions de l&#8217;horaire de travail d\u00e9compt\u00e9es en septembre 2019<\/strong><br \/>\nEn septembre 2019, les r\u00e9ductions de l&#8217;horaire de travail (ch\u00f4mage partiel) ont touch\u00e9 2\u2019090 personnes, soit 1\u2019126 de plus (+116,8%) que le mois pr\u00e9c\u00e9dent. Le nombre d\u2019entreprises ayant eu recours \u00e0 de telles mesures a augment\u00e9 de 39 (+54,2%) unit\u00e9s, passant \u00e0 111, celui des heures de travail perdues de 54\u2019951 unit\u00e9s (+108,2%), pour s\u2019\u00e9tablir \u00e0 105\u2019753 heures. L\u2019ann\u00e9e pr\u00e9c\u00e9dente \u00e0 la m\u00eame \u00e9poque (septembre 2018), le ch\u00f4mage partiel avait s\u00e9vi dans 61 entreprises, touchant 421 personnes et entra\u00eenant la perte de 23\u2019284 heures de travail.<\/p>\n<p>P<strong>ersonnes arriv\u00e9es en fin de droits en septembre 2019<\/strong><br \/>\nSelon les donn\u00e9es provisoires fournies par les caisses de ch\u00f4mage, 2\u2019023 personnes ont \u00e9puis\u00e9 leurs droits aux prestations de l&#8217;assurance-ch\u00f4mage dans le courant du mois de septembre 2019.<\/p>\n","protected":false},"excerpt":{"rendered":"<p>Le taux de ch\u00f4mage a augment\u00e9, passant de 2,2% en octobre 2019 \u00e0 2,3% pendant le mois sous revue. Le ch\u00f4mage a diminu\u00e9 de 4\u2019144 personnes (-3,8%) par rapport au mois correspondant de l&#8217;ann\u00e9e pr\u00e9c\u00e9dente<\/p>\n","protected":false},"author":4,"featured_media":335786,"comment_status":"open","ping_status":"open","sticky":false,"template":"","format":"standard","meta":{"footnotes":""},"categories":[18826,1170],"tags":[1671],"vendi":[],"content_country":[],"class_list":["post-335785","post","type-post","status-publish","format-standard","has-post-thumbnail","hentry","category-lajme-jeta-ne-zvicer-fr","category-vivre-en-suisse","tag-zvicer-fr"],"acf":[],"_links":{"self":[{"href":"https:\/\/www.albinfo.at\/fr\/wp-json\/wp\/v2\/posts\/335785","targetHints":{"allow":["GET"]}}],"collection":[{"href":"https:\/\/www.albinfo.at\/fr\/wp-json\/wp\/v2\/posts"}],"about":[{"href":"https:\/\/www.albinfo.at\/fr\/wp-json\/wp\/v2\/types\/post"}],"author":[{"embeddable":true,"href":"https:\/\/www.albinfo.at\/fr\/wp-json\/wp\/v2\/users\/4"}],"replies":[{"embeddable":true,"href":"https:\/\/www.albinfo.at\/fr\/wp-json\/wp\/v2\/comments?post=335785"}],"version-history":[{"count":0,"href":"https:\/\/www.albinfo.at\/fr\/wp-json\/wp\/v2\/posts\/335785\/revisions"}],"wp:featuredmedia":[{"embeddable":true,"href":"https:\/\/www.albinfo.at\/fr\/wp-json\/wp\/v2\/media\/335786"}],"wp:attachment":[{"href":"https:\/\/www.albinfo.at\/fr\/wp-json\/wp\/v2\/media?parent=335785"}],"wp:term":[{"taxonomy":"category","embeddable":true,"href":"https:\/\/www.albinfo.at\/fr\/wp-json\/wp\/v2\/categories?post=335785"},{"taxonomy":"post_tag","embeddable":true,"href":"https:\/\/www.albinfo.at\/fr\/wp-json\/wp\/v2\/tags?post=335785"},{"taxonomy":"vendi","embeddable":true,"href":"https:\/\/www.albinfo.at\/fr\/wp-json\/wp\/v2\/vendi?post=335785"},{"taxonomy":"content_country","embeddable":true,"href":"https:\/\/www.albinfo.at\/fr\/wp-json\/wp\/v2\/content_country?post=335785"}],"curies":[{"name":"wp","href":"https:\/\/api.w.org\/{rel}","templated":true}]}}