{"id":330625,"date":"2019-11-23T20:19:32","date_gmt":"2019-11-23T19:19:32","guid":{"rendered":"https:\/\/www.albinfo.ch\/?p=330625"},"modified":"2019-11-28T16:53:08","modified_gmt":"2019-11-28T15:53:08","slug":"le-taux-dinteret-maximum-des-credits-a-la-consommation-reste-inchange","status":"publish","type":"post","link":"https:\/\/www.albinfo.at\/fr\/le-taux-dinteret-maximum-des-credits-a-la-consommation-reste-inchange\/","title":{"rendered":"Le taux d\u2019int\u00e9r\u00eat maximum des cr\u00e9dits \u00e0 la consommation reste inchang\u00e9"},"content":{"rendered":"<p>Le D\u00e9partement f\u00e9d\u00e9ral de justice et police (DFJP) a fix\u00e9 le taux d\u2019int\u00e9r\u00eat maximum des cr\u00e9dits \u00e0 la consommation pour 2020. Il le laisse \u00e0 10 % pour les cr\u00e9dits au comptant et \u00e0 12 % pour les cartes de cr\u00e9dit.<\/p>\n<p>Le taux d\u2019int\u00e9r\u00eat maximum est fix\u00e9 depuis 2016 selon le m\u00e9canisme de calcul prescrit par l\u2019ordonnance relative \u00e0 la loi f\u00e9d\u00e9rale sur le cr\u00e9dit \u00e0 la consommation (OLCC). Il est r\u00e9examin\u00e9 et, le cas \u00e9ch\u00e9ant, adapt\u00e9 tous les ans et s\u2019obtient en additionnant le libor \u00e0 trois mois et un suppl\u00e9ment, le r\u00e9sultat \u00e9tant arrondi au nombre entier le plus proche. Pour les cr\u00e9dits au comptant, le suppl\u00e9ment est de dix points de pourcentage, le taux d\u2019int\u00e9r\u00eat maximum \u00e9tant d\u2019au moins 10 %. Pour les cr\u00e9dits par d\u00e9couvert et les cartes de cr\u00e9dit, le suppl\u00e9ment est de douze points de pourcentage, le taux d\u2019int\u00e9r\u00eat maximum \u00e9tant d\u2019au moins 12 %. La loi f\u00e9d\u00e9rale sur le cr\u00e9dit \u00e0 la consommation impose de prendre en compte, pour la fixation du taux maximum, les taux d\u2019int\u00e9r\u00eat d\u00e9terminants pour les frais de refinancement des instituts de cr\u00e9dit.<\/p>\n<p>Le libor \u00e0 trois mois restant n\u00e9gatif, le DFJP a de nouveau fix\u00e9 le taux d\u2019int\u00e9r\u00eat maximum au niveau minimum prescrit par l\u2019OLCC (10 % et 12 %).<\/p>\n","protected":false},"excerpt":{"rendered":"<p>Le libor \u00e0 trois mois restant n\u00e9gatif, le DFJP a de nouveau fix\u00e9 le taux d\u2019int\u00e9r\u00eat maximum au niveau minimum prescrit par l\u2019OLCC (10 % et 12 %)<\/p>\n","protected":false},"author":4,"featured_media":230448,"comment_status":"open","ping_status":"open","sticky":false,"template":"","format":"standard","meta":{"footnotes":""},"categories":[1187,8183,1170],"tags":[],"vendi":[],"content_country":[],"class_list":["post-330625","post","type-post","status-publish","format-standard","has-post-thumbnail","hentry","category-breves","category-finances-fr","category-vivre-en-suisse"],"acf":[],"_links":{"self":[{"href":"https:\/\/www.albinfo.at\/fr\/wp-json\/wp\/v2\/posts\/330625","targetHints":{"allow":["GET"]}}],"collection":[{"href":"https:\/\/www.albinfo.at\/fr\/wp-json\/wp\/v2\/posts"}],"about":[{"href":"https:\/\/www.albinfo.at\/fr\/wp-json\/wp\/v2\/types\/post"}],"author":[{"embeddable":true,"href":"https:\/\/www.albinfo.at\/fr\/wp-json\/wp\/v2\/users\/4"}],"replies":[{"embeddable":true,"href":"https:\/\/www.albinfo.at\/fr\/wp-json\/wp\/v2\/comments?post=330625"}],"version-history":[{"count":0,"href":"https:\/\/www.albinfo.at\/fr\/wp-json\/wp\/v2\/posts\/330625\/revisions"}],"wp:featuredmedia":[{"embeddable":true,"href":"https:\/\/www.albinfo.at\/fr\/wp-json\/wp\/v2\/media\/230448"}],"wp:attachment":[{"href":"https:\/\/www.albinfo.at\/fr\/wp-json\/wp\/v2\/media?parent=330625"}],"wp:term":[{"taxonomy":"category","embeddable":true,"href":"https:\/\/www.albinfo.at\/fr\/wp-json\/wp\/v2\/categories?post=330625"},{"taxonomy":"post_tag","embeddable":true,"href":"https:\/\/www.albinfo.at\/fr\/wp-json\/wp\/v2\/tags?post=330625"},{"taxonomy":"vendi","embeddable":true,"href":"https:\/\/www.albinfo.at\/fr\/wp-json\/wp\/v2\/vendi?post=330625"},{"taxonomy":"content_country","embeddable":true,"href":"https:\/\/www.albinfo.at\/fr\/wp-json\/wp\/v2\/content_country?post=330625"}],"curies":[{"name":"wp","href":"https:\/\/api.w.org\/{rel}","templated":true}]}}