{"id":327274,"date":"2019-11-11T18:07:34","date_gmt":"2019-11-11T17:07:34","guid":{"rendered":"https:\/\/www.albinfo.ch\/?p=327274"},"modified":"2019-11-11T18:07:34","modified_gmt":"2019-11-11T17:07:34","slug":"la-situation-sur-le-marche-du-travail-en-octobre-2019","status":"publish","type":"post","link":"https:\/\/www.albinfo.at\/fr\/la-situation-sur-le-marche-du-travail-en-octobre-2019\/","title":{"rendered":"La situation sur le march\u00e9 du travail en octobre 2019"},"content":{"rendered":"<p>Les ch\u00f4meurs inscrits en octobre 2019 &#8211; Selon les relev\u00e9s du Secr\u00e9tariat d&#8217;Etat \u00e0 l&#8217;\u00e9conomie (SECO), \u00e0 fin octobre 2019, 101\u2019684 personnes \u00e9taient inscrites au ch\u00f4mage aupr\u00e8s des offices r\u00e9gionaux de placement (ORP), soit 2\u2019586 de plus que le mois pr\u00e9c\u00e9dent. Le taux de ch\u00f4mage a augment\u00e9, passant de 2,1% en septembre 2019 \u00e0 2,2% pendant le mois sous revue. Le ch\u00f4mage a diminu\u00e9 de 5\u2019631 personnes (-5,2%) par rapport au mois correspondant de l&#8217;ann\u00e9e pr\u00e9c\u00e9dente.<\/p>\n<p>Le ch\u00f4mage des jeunes en octobre 2019<br \/>\nLe ch\u00f4mage des jeunes (de 15 \u00e0 24 ans) a diminu\u00e9 de 660 personnes (-5,2%), passant \u00e0 11\u2019992. Par rapport au m\u00eame mois de l\u2019ann\u00e9e pr\u00e9c\u00e9dente, il a diminu\u00e9 de 1\u2019072 personnes (-8,2%).<\/p>\n<p>Ch\u00f4meurs de 50-64 ans en octobre 2019<br \/>\nLe nombre des ch\u00f4meurs de 50-64 ans a augment\u00e9 de 988 personnes (+3,6%) pour s\u2019\u00e9tablir \u00e0 28\u2019409 personnes. Par rapport au m\u00eame mois de l\u2019ann\u00e9e pr\u00e9c\u00e9dente, cela correspond \u00e0 une diminution de 1\u2019280 personnes (-4,3%).<\/p>\n<p>Demandeurs d&#8217;emploi en octobre 2019<br \/>\nL\u2019ensemble des demandeurs d\u2019emploi inscrits se chiffre \u00e0 176\u2019495 personnes, soit 5\u2019072 de plus que le mois pr\u00e9c\u00e9dent et 6\u2019951 (-3,8%) de moins qu&#8217;au m\u00eame mois de l&#8217;ann\u00e9e pr\u00e9c\u00e9dente.<\/p>\n<p>Places vacantes annonc\u00e9es en octobre 2019<br \/>\nLe 1er juillet 2018, l\u2019obligation d\u2019annoncer les postes vacants pour les genres de professions dont le taux de ch\u00f4mage national atteint au moins 8% a \u00e9t\u00e9 introduite dans toute la Suisse. Il a diminu\u00e9 de 3\u2019198 en octobre, passant \u00e0 34\u2019927. Parmi ces 34\u2019927 places, 22\u2019217 \u00e9taient soumises \u00e0 l\u2019obligation d\u2019annonce.<\/p>\n<p>R\u00e9ductions de l&#8217;horaire de travail d\u00e9compt\u00e9es en ao\u00fbt 2019<br \/>\nEn ao\u00fbt 2019, les r\u00e9ductions de l&#8217;horaire de travail (ch\u00f4mage partiel) ont touch\u00e9 964 personnes, soit 220 de plus (+29,6%) que le mois pr\u00e9c\u00e9dent. Le nombre d\u2019entreprises ayant eu recours \u00e0 de telles mesures a augment\u00e9 de 14 (+24,1%) unit\u00e9s, passant \u00e0 72, celui des heures de travail perdues de 6\u2019137 unit\u00e9s (+13,7%), pour s\u2019\u00e9tablir \u00e0 50\u2019802 heures. L\u2019ann\u00e9e pr\u00e9c\u00e9dente \u00e0 la m\u00eame \u00e9poque (ao\u00fbt 2018), le ch\u00f4mage partiel avait s\u00e9vi dans 53 entreprises, touchant 252 personnes et entra\u00eenant la perte de 16\u2019407 heures de travail.<\/p>\n<p>Personnes arriv\u00e9es en fin de droits en ao\u00fbt 2019<br \/>\nSelon les donn\u00e9es provisoires fournies par les caisses de ch\u00f4mage, 2\u2019662 personnes ont \u00e9puis\u00e9 leurs droits aux prestations de l&#8217;assurance-ch\u00f4mage dans le courant du mois d\u2019ao\u00fbt 2019.<\/p>\n","protected":false},"excerpt":{"rendered":"<p>Le taux de ch\u00f4mage a augment\u00e9, passant de 2,1% en septembre 2019 \u00e0 2,2% pendant le mois sous revue. Le ch\u00f4mage a diminu\u00e9 de 5\u2019631 personnes (-5,2%) par rapport au mois correspondant de l&#8217;ann\u00e9e pr\u00e9c\u00e9dente<\/p>\n","protected":false},"author":4,"featured_media":327275,"comment_status":"open","ping_status":"open","sticky":false,"template":"","format":"standard","meta":{"footnotes":""},"categories":[18826,1170],"tags":[1671],"vendi":[],"content_country":[],"class_list":["post-327274","post","type-post","status-publish","format-standard","has-post-thumbnail","hentry","category-lajme-jeta-ne-zvicer-fr","category-vivre-en-suisse","tag-zvicer-fr"],"acf":[],"_links":{"self":[{"href":"https:\/\/www.albinfo.at\/fr\/wp-json\/wp\/v2\/posts\/327274","targetHints":{"allow":["GET"]}}],"collection":[{"href":"https:\/\/www.albinfo.at\/fr\/wp-json\/wp\/v2\/posts"}],"about":[{"href":"https:\/\/www.albinfo.at\/fr\/wp-json\/wp\/v2\/types\/post"}],"author":[{"embeddable":true,"href":"https:\/\/www.albinfo.at\/fr\/wp-json\/wp\/v2\/users\/4"}],"replies":[{"embeddable":true,"href":"https:\/\/www.albinfo.at\/fr\/wp-json\/wp\/v2\/comments?post=327274"}],"version-history":[{"count":0,"href":"https:\/\/www.albinfo.at\/fr\/wp-json\/wp\/v2\/posts\/327274\/revisions"}],"wp:featuredmedia":[{"embeddable":true,"href":"https:\/\/www.albinfo.at\/fr\/wp-json\/wp\/v2\/media\/327275"}],"wp:attachment":[{"href":"https:\/\/www.albinfo.at\/fr\/wp-json\/wp\/v2\/media?parent=327274"}],"wp:term":[{"taxonomy":"category","embeddable":true,"href":"https:\/\/www.albinfo.at\/fr\/wp-json\/wp\/v2\/categories?post=327274"},{"taxonomy":"post_tag","embeddable":true,"href":"https:\/\/www.albinfo.at\/fr\/wp-json\/wp\/v2\/tags?post=327274"},{"taxonomy":"vendi","embeddable":true,"href":"https:\/\/www.albinfo.at\/fr\/wp-json\/wp\/v2\/vendi?post=327274"},{"taxonomy":"content_country","embeddable":true,"href":"https:\/\/www.albinfo.at\/fr\/wp-json\/wp\/v2\/content_country?post=327274"}],"curies":[{"name":"wp","href":"https:\/\/api.w.org\/{rel}","templated":true}]}}