{"id":325180,"date":"2019-11-04T18:44:55","date_gmt":"2019-11-04T17:44:55","guid":{"rendered":"https:\/\/www.albinfo.ch\/?p=325180"},"modified":"2019-11-04T18:44:55","modified_gmt":"2019-11-04T17:44:55","slug":"naissance-du-premier-enfant-70-des-femmes-craignent-des-consequences-negatives-sur-leur-carriere","status":"publish","type":"post","link":"https:\/\/www.albinfo.at\/fr\/naissance-du-premier-enfant-70-des-femmes-craignent-des-consequences-negatives-sur-leur-carriere\/","title":{"rendered":"Naissance du premier enfant: 70% des femmes craignent des cons\u00e9quences n\u00e9gatives sur leur carri\u00e8re"},"content":{"rendered":"<p>Le nombre d&#8217;enfants que souhaitent avoir les jeunes adultes est fortement marqu\u00e9 par le mod\u00e8le des deux enfants. Mais le souhait ne correspond pas toujours \u00e0 la r\u00e9alit\u00e9. Les femmes dipl\u00f4m\u00e9es du degr\u00e9 tertiaire notamment sont nombreuses \u00e0 craindre que la maternit\u00e9 ait des cons\u00e9quences n\u00e9gatives sur leurs perspectives professionnelles. Plus des deux tiers des familles recourent r\u00e9guli\u00e8rement \u00e0 l&#8217;accueil extrafamilial pour leurs enfants. Les parents font appel la plupart du temps \u00e0 leur entourage pour s\u2019occuper de leurs enfants, notamment aux grands-parents. En Suisse romande, pr\u00e8s de la moiti\u00e9 les confient \u00e0 une cr\u00e8che ou \u00e0 une structure d\u2019accueil parascolaire. C\u2019est ce qui ressort des premiers r\u00e9sultats de l&#8217;enqu\u00eate 2018 sur les familles et les g\u00e9n\u00e9rations, r\u00e9alis\u00e9e par l\u2019Office f\u00e9d\u00e9ral de la statistique (OFS).<\/p>\n<p>Plus de 60% des femmes et des hommes de 20 \u00e0 29 ans qui n\u2019ont pas d\u2019enfant souhaitent en avoir deux. Seuls 9% ne veulent pas d\u2019enfant et 4% n\u2019en veulent qu\u2019un. Bon nombre de femmes et d\u2019hommes ont toutefois moins d\u2019enfants qu\u2019ils le souhaitaient initialement. Chez les 50 \u00e0 59 ans, la part des personnes ayant deux enfants est d\u2019\u00e0 peine 40%. Un quart environ n&#8217;en ont pas et moins d\u2019un sixi\u00e8me en ont un seul.<\/p>\n<p><strong>Les femmes dipl\u00f4m\u00e9es du degr\u00e9 tertiaire sont le plus souvent sans enfant<\/strong><\/p>\n<p>Les femmes titulaires d\u2019un dipl\u00f4me du degr\u00e9 tertiaire sont celles qui restent le plus souvent sans enfant (30%). Les difficult\u00e9s \u00e0 concilier enfants et carri\u00e8re peuvent constituer une des raisons pour lesquelles elles ne r\u00e9alisent pas leur d\u00e9sir d\u2019enfant. Les trois quarts d\u2019entre elles craignent que la maternit\u00e9 ait des cons\u00e9quences n\u00e9gatives sur leurs perspectives professionnelles. Cette part est nettement plus basse chez les femmes dont le niveau de formation est inf\u00e9rieur (62%) ainsi que chez les hommes en g\u00e9n\u00e9ral (dipl\u00f4m\u00e9s du degr\u00e9 tertiaire: 37%; dipl\u00f4m\u00e9s du degr\u00e9 secondaire II\/\u00e9cole obligatoire: 30%).<\/p>\n<p><strong>Le mariage est aujourd&#8217;hui encore tr\u00e8s r\u00e9pandu<\/strong><\/p>\n<p>Plus de trois quarts des femmes et des hommes de 18 \u00e0 80 ans sont en couple. La grande majorit\u00e9 habite avec son ou sa partenaire. Le mariage est toujours tr\u00e8s r\u00e9pandu: plus de 90% des couples ayant des enfants en commun sont en effet mari\u00e9s.<\/p>\n<p>La mani\u00e8re dont les couples se rencontrent a chang\u00e9 avec le d\u00e9veloppement d\u2019Internet. Si la majorit\u00e9 des couples font toujours connaissance dans leur cercle d\u2019amis, \u00e0 l\u2019\u00e9cole, au travail ou lors d\u2019une sortie, un cinqui\u00e8me des couples qui se sont form\u00e9s au cours des cinq derni\u00e8res ann\u00e9es se sont rencontr\u00e9s via Internet.<\/p>\n<p><strong>L&#8217;entourage est fortement sollicit\u00e9 pour garder les enfants<\/strong><\/p>\n<p>En Suisse, plus des deux tiers des m\u00e9nages ayant des enfants de moins de 13 ans recourent \u00e0 l\u2019accueil extrafamilial. Ils sollicitent le plus souvent leur entourage, notamment les grands-parents ou d\u2019autres membres de la parent\u00e9, des voisins ou des amis (42% des m\u00e9nages).<\/p>\n<p>Les familles ont aussi souvent recours \u00e0 une cr\u00e8che ou \u00e0 une structure d&#8217;accueil parascolaire (37% des m\u00e9nages). Les mamans ou parents de jour sont nettement moins sollicit\u00e9s (6%), de m\u00eame que les nounous, personnes au pair et autres baby-sitters.<\/p>\n<p><strong>Les cr\u00e8ches et les structures d\u2019accueil parascolaire sont les plus sollicit\u00e9es en Suisse romande<\/strong><\/p>\n<p>En Suisse romande, pr\u00e8s de la moiti\u00e9 des familles font appel \u00e0 une cr\u00e8che ou \u00e0 une structure d\u2019accueil parascolaire. C\u2019est le cas d\u2019\u00e0 peine un tiers des familles en Suisse al\u00e9manique et un quart au Tessin. Dans ces deux derni\u00e8res r\u00e9gions, les parents s\u2019adressent avant tout aux grands-parents, \u00e0 d\u2019autres proches, \u00e0 des amis ou \u00e0 des voisins pour faire garder leurs enfants. En Suisse al\u00e9manique, 43% des m\u00e9nages sollicitent leur entourage et m\u00eame pr\u00e8s de la moiti\u00e9 au Tessin (48%).<\/p>\n<p>La prise en charge extrafamiliale des enfants varie aussi consid\u00e9rablement selon le type de commune. Dans les grandes villes, plus de 60% des parents font appel \u00e0 une cr\u00e8che ou \u00e0 un accueil parascolaire, contre 37% dans les autres communes urbaines et 24% dans les communes rurales.<\/p>\n<p><strong>Les m\u00e8res accomplissent la majeure partie des t\u00e2ches domestiques et familiales<\/strong><\/p>\n<p>Dans plus des deux tiers des m\u00e9nages avec enfants, la m\u00e8re effectue la majeure partie des t\u00e2ches domestiques. Ces t\u00e2ches sont assum\u00e9es principalement par le p\u00e8re dans seulement 5% de ces m\u00e9nages. Dans le quart restant, elles sont partag\u00e9es entre les deux parents.<\/p>\n<p>Depuis 2013, on observe une l\u00e9g\u00e8re tendance \u00e0 une r\u00e9partition plus \u00e9quitable des t\u00e2ches domestiques dans les m\u00e9nages comptant des enfants. La part des familles dans lesquelles ces t\u00e2ches sont effectu\u00e9es principalement par la m\u00e8re s\u2019est r\u00e9duite de 74% \u00e0 69%. Les m\u00e8res assument \u00e9galement la principale responsabilit\u00e9 des soins aux enfants. Dans les trois quarts des m\u00e9nages, ce sont aussi avant tout elles qui restent \u00e0 la maison quand les enfants sont malades.<\/p>\n<p><strong>Activit\u00e9 professionnelle des m\u00e8res avec enfants en \u00e2ge pr\u00e9scolaire<\/strong><\/p>\n<p>L\u2019attitude de la population par rapport \u00e0 l&#8217;activit\u00e9 professionnelle des m\u00e8res ayant des enfants en \u00e2ge pr\u00e9scolaire a beaucoup chang\u00e9 depuis les ann\u00e9es 1990. En 1994\/95, plus de 60% des hommes estimaient qu&#8217;un enfant souffre quand sa m\u00e8re exerce une activit\u00e9 professionnelle; ils n&#8217;\u00e9taient plus que 44% \u00e0 \u00eatre dans ce cas en 2013 et 36% en 2018.<\/p>\n<p>La part des femmes qui approuvent cette affirmation est pass\u00e9e de 49% en 1994\/95 \u00e0 un tiers en 2013 et \u00e0 environ un quart (27%) en 2018. Aujourd&#8217;hui comme hier, les hommes sont donc plus sceptiques que les femmes \u00e0 l&#8217;\u00e9gard de l&#8217;activit\u00e9 professionnelle des m\u00e8res d&#8217;enfants en bas \u00e2ge.<\/p>\n","protected":false},"excerpt":{"rendered":"<p>Les femmes dipl\u00f4m\u00e9es du degr\u00e9 tertiaire notamment sont nombreuses \u00e0 craindre que la maternit\u00e9 ait des cons\u00e9quences n\u00e9gatives sur leurs perspectives professionnelles<\/p>\n","protected":false},"author":4,"featured_media":325171,"comment_status":"open","ping_status":"open","sticky":false,"template":"","format":"standard","meta":{"footnotes":""},"categories":[18826,1170],"tags":[1671],"vendi":[],"content_country":[],"class_list":["post-325180","post","type-post","status-publish","format-standard","has-post-thumbnail","hentry","category-lajme-jeta-ne-zvicer-fr","category-vivre-en-suisse","tag-zvicer-fr"],"acf":[],"_links":{"self":[{"href":"https:\/\/www.albinfo.at\/fr\/wp-json\/wp\/v2\/posts\/325180","targetHints":{"allow":["GET"]}}],"collection":[{"href":"https:\/\/www.albinfo.at\/fr\/wp-json\/wp\/v2\/posts"}],"about":[{"href":"https:\/\/www.albinfo.at\/fr\/wp-json\/wp\/v2\/types\/post"}],"author":[{"embeddable":true,"href":"https:\/\/www.albinfo.at\/fr\/wp-json\/wp\/v2\/users\/4"}],"replies":[{"embeddable":true,"href":"https:\/\/www.albinfo.at\/fr\/wp-json\/wp\/v2\/comments?post=325180"}],"version-history":[{"count":0,"href":"https:\/\/www.albinfo.at\/fr\/wp-json\/wp\/v2\/posts\/325180\/revisions"}],"wp:featuredmedia":[{"embeddable":true,"href":"https:\/\/www.albinfo.at\/fr\/wp-json\/wp\/v2\/media\/325171"}],"wp:attachment":[{"href":"https:\/\/www.albinfo.at\/fr\/wp-json\/wp\/v2\/media?parent=325180"}],"wp:term":[{"taxonomy":"category","embeddable":true,"href":"https:\/\/www.albinfo.at\/fr\/wp-json\/wp\/v2\/categories?post=325180"},{"taxonomy":"post_tag","embeddable":true,"href":"https:\/\/www.albinfo.at\/fr\/wp-json\/wp\/v2\/tags?post=325180"},{"taxonomy":"vendi","embeddable":true,"href":"https:\/\/www.albinfo.at\/fr\/wp-json\/wp\/v2\/vendi?post=325180"},{"taxonomy":"content_country","embeddable":true,"href":"https:\/\/www.albinfo.at\/fr\/wp-json\/wp\/v2\/content_country?post=325180"}],"curies":[{"name":"wp","href":"https:\/\/api.w.org\/{rel}","templated":true}]}}