{"id":323310,"date":"2019-10-29T13:48:02","date_gmt":"2019-10-29T12:48:02","guid":{"rendered":"https:\/\/www.albinfo.ch\/?p=323310"},"modified":"2019-11-08T01:08:23","modified_gmt":"2019-11-08T00:08:23","slug":"le-kosovo-a-besoin-de-votre-aide-pour-developper-le-tourisme","status":"publish","type":"post","link":"https:\/\/www.albinfo.at\/fr\/le-kosovo-a-besoin-de-votre-aide-pour-developper-le-tourisme\/","title":{"rendered":"Le Kosovo a besoin de votre aide pour d\u00e9velopper le tourisme"},"content":{"rendered":"<p>Sondage pour la diaspora en visite au Kosovo! Le Kosovo a besoin de votre aide pour d\u00e9velopper le tourisme.<\/p>\n<p>Ce sondage a \u00e9t\u00e9 r\u00e9dig\u00e9 seulement pour les visiteurs de la diaspora au Kosovo. Le but de ce questionnaire est de mesurer et d\u2019\u00e9valuer les caract\u00e9ristiques principales, les motivations, la satisfaction et l\u2019int\u00e9r\u00eat de la diaspora qui visite le Kosovo.<\/p>\n<p>Ce sondage est soutenu par l\u2019Agence Suisse pour la D\u00e9veloppement et la Coop\u00e9ration au Kosovo \u00e0 travers le programme La Promotion de l\u2019Emploi au sein du secteur priv\u00e9 (www.ppse-kosovo.org). Nous garantissons que les r\u00e9sultats de ce questionnaire seront utilis\u00e9s \u00e0 des fins statistiques et vos informations personnelles ne seront d\u00e9voil\u00e9es \u00e0 une tierce partie.<\/p>\n<p>Nous vous remercions d\u2019avance pour votre participation \u00e0 cette <a href=\"https:\/\/forms.office.com\/Pages\/ResponsePage.aspx?id=DQSIkWdsW0yxEjajBLZtrQAAAAAAAAAAAAO__SMoRvtUQVpOSVU0Mkw0ME8zTk8wQjhZSFJHTUpSWi4u\">enqu\u00eate :\u00a0\u00a0<\/a><\/p>\n<p><a href=\"https:\/\/forms.office.com\/Pages\/ResponsePage.aspx?id=DQSIkWdsW0yxEjajBLZtrQAAAAAAAAAAAAO__SMoRvtUQVpOSVU0Mkw0ME8zTk8wQjhZSFJHTUpSWi4u\">link enquete<\/a><\/p>\n<p>Merci de votre participation \u00e0 ce sondage. Nous souhaitons une bonne journ\u00e9e et la bienvenue au Kosovo\u00a0!<\/p>\n<p><a href=\"https:\/\/www.albinfo.ch\/wp-content\/uploads\/2019\/10\/ujvara-e-mirushes-3-1-587x391.jpg\"><img loading=\"lazy\" decoding=\"async\" class=\"alignnone size-full wp-image-323287\" src=\"https:\/\/www.albinfo.ch\/wp-content\/uploads\/2019\/10\/ujvara-e-mirushes-3-1-587x391.jpg\" alt=\"\" width=\"587\" height=\"391\" srcset=\"https:\/\/www.albinfo.at\/wp-content\/uploads\/2019\/10\/ujvara-e-mirushes-3-1-587x391.jpg 587w, https:\/\/www.albinfo.at\/wp-content\/uploads\/2019\/10\/ujvara-e-mirushes-3-1-587x391-300x200.jpg 300w, https:\/\/www.albinfo.at\/wp-content\/uploads\/2019\/10\/ujvara-e-mirushes-3-1-587x391-586x389.jpg 586w, https:\/\/www.albinfo.at\/wp-content\/uploads\/2019\/10\/ujvara-e-mirushes-3-1-587x391-210x141.jpg 210w, https:\/\/www.albinfo.at\/wp-content\/uploads\/2019\/10\/ujvara-e-mirushes-3-1-587x391-150x100.jpg 150w, https:\/\/www.albinfo.at\/wp-content\/uploads\/2019\/10\/ujvara-e-mirushes-3-1-587x391-263x175.jpg 263w\" sizes=\"auto, (max-width: 587px) 100vw, 587px\" \/><\/a><\/p>\n","protected":false},"excerpt":{"rendered":"<p>Sondage pour la diaspora en visite au Kosovo! Le Kosovo a besoin de votre aide pour d\u00e9velopper le tourisme. Ce sondage a \u00e9t\u00e9 r\u00e9dig\u00e9 seulement pour les visiteurs de la diaspora au Kosovo. Le but de ce questionnaire est de mesurer et d\u2019\u00e9valuer les caract\u00e9ristiques principales, les motivations, la satisfaction et l\u2019int\u00e9r\u00eat de la diaspora [&hellip;]<\/p>\n","protected":false},"author":6,"featured_media":326100,"comment_status":"open","ping_status":"open","sticky":false,"template":"","format":"standard","meta":{"footnotes":""},"categories":[3944,1411],"tags":[],"vendi":[],"content_country":[],"class_list":["post-323310","post","type-post","status-publish","format-standard","has-post-thumbnail","hentry","category-turizmi-fr","category-newsletter-fr"],"acf":[],"_links":{"self":[{"href":"https:\/\/www.albinfo.at\/fr\/wp-json\/wp\/v2\/posts\/323310","targetHints":{"allow":["GET"]}}],"collection":[{"href":"https:\/\/www.albinfo.at\/fr\/wp-json\/wp\/v2\/posts"}],"about":[{"href":"https:\/\/www.albinfo.at\/fr\/wp-json\/wp\/v2\/types\/post"}],"author":[{"embeddable":true,"href":"https:\/\/www.albinfo.at\/fr\/wp-json\/wp\/v2\/users\/6"}],"replies":[{"embeddable":true,"href":"https:\/\/www.albinfo.at\/fr\/wp-json\/wp\/v2\/comments?post=323310"}],"version-history":[{"count":0,"href":"https:\/\/www.albinfo.at\/fr\/wp-json\/wp\/v2\/posts\/323310\/revisions"}],"wp:featuredmedia":[{"embeddable":true,"href":"https:\/\/www.albinfo.at\/fr\/wp-json\/wp\/v2\/media\/326100"}],"wp:attachment":[{"href":"https:\/\/www.albinfo.at\/fr\/wp-json\/wp\/v2\/media?parent=323310"}],"wp:term":[{"taxonomy":"category","embeddable":true,"href":"https:\/\/www.albinfo.at\/fr\/wp-json\/wp\/v2\/categories?post=323310"},{"taxonomy":"post_tag","embeddable":true,"href":"https:\/\/www.albinfo.at\/fr\/wp-json\/wp\/v2\/tags?post=323310"},{"taxonomy":"vendi","embeddable":true,"href":"https:\/\/www.albinfo.at\/fr\/wp-json\/wp\/v2\/vendi?post=323310"},{"taxonomy":"content_country","embeddable":true,"href":"https:\/\/www.albinfo.at\/fr\/wp-json\/wp\/v2\/content_country?post=323310"}],"curies":[{"name":"wp","href":"https:\/\/api.w.org\/{rel}","templated":true}]}}