{"id":321749,"date":"2019-10-24T08:00:46","date_gmt":"2019-10-24T06:00:46","guid":{"rendered":"https:\/\/www.albinfo.ch\/?p=321749"},"modified":"2019-10-24T00:28:18","modified_gmt":"2019-10-23T22:28:18","slug":"le-conseil-federal-interdit-le-broyage-des-poussins-vivants","status":"publish","type":"post","link":"https:\/\/www.albinfo.at\/fr\/le-conseil-federal-interdit-le-broyage-des-poussins-vivants\/","title":{"rendered":"Le Conseil f\u00e9d\u00e9ral interdit le broyage des poussins vivants"},"content":{"rendered":"<p>L&#8217;homog\u00e9n\u00e9isation des poussins vivants, \u00e0 savoir leur broyage m\u00e9canique, \u00e9tait autoris\u00e9e en Suisse jusqu&#8217;\u00e0 pr\u00e9sent. Cette m\u00e9thode d&#8217;abattage consistait \u00e0 mettre \u00e0 mort les poussins m\u00e2les au moyen d&#8217;un proc\u00e9d\u00e9 m\u00e9canique. Elle \u00e9tait utilis\u00e9e, ces derni\u00e8res ann\u00e9es, seulement dans un petit nombre de couvoirs et dans des cas exceptionnels.<\/p>\n<p>D\u00e9but 2019, une motion a charg\u00e9 le Conseil f\u00e9d\u00e9ral d&#8217;interdire ce mode d&#8217;abattage. L&#8217;ordonnance sur la protection des animaux sera modifi\u00e9e en cons\u00e9quence et entrera en vigueur le 1er janvier 2020.<\/p>\n<p>En Suisse, ce sont les services v\u00e9t\u00e9rinaires cantonaux qui sont responsables de l&#8217;application de l&#8217;ordonnance sur la protection des animaux. Ils s&#8217;assureront, dans le cadre de leurs contr\u00f4les, que les \u00e9tablissements concern\u00e9s respectent bien l&#8217;interdiction. Le mode d&#8217;abattage au moyen du CO2 reste autoris\u00e9.<\/p>\n<p>D\u00e9termination du sexe des poussins : une nouvelle m\u00e9thode bient\u00f4t disponible<br \/>\nIl existe une alternative aux formes actuelles de mise \u00e0 mort : la d\u00e9termination du sexe des poussins dans l&#8217;\u0153uf peu de temps apr\u00e8s la f\u00e9condation. Les \u0153ufs contenant des poussins m\u00e2les des lign\u00e9es de ponte peuvent \u00eatre \u00e9limin\u00e9s plus t\u00f4t et ne doivent plus \u00eatre incub\u00e9s jusqu&#8217;\u00e0 l&#8217;\u00e9closion. Actuellement ces nouveaux proc\u00e9d\u00e9s ne sont pas encore utilis\u00e9s \u00e0 large \u00e9chelle. Plusieurs entreprises internationales et des universit\u00e9s font de la recherche dans ce domaine et s&#8217;activent pour d\u00e9velopper une m\u00e9thode commercialisable qui int\u00e9ressera aussi la Suisse.<\/p>\n","protected":false},"excerpt":{"rendered":"<p>Le broyage m\u00e9canique des poussins vivants (\u00ab homog\u00e9n\u00e9isation \u00bb) sera interdit en Suisse. Le Conseil f\u00e9d\u00e9ral en a d\u00e9cid\u00e9 ainsi lors de sa s\u00e9ance du 23 octobre 2019. L\u2019interdiction entrera en vigueur le 1er janvier 2020. L\u2019ordonnance sur la protection des animaux sera modifi\u00e9e en cons\u00e9quence<\/p>\n","protected":false},"author":4,"featured_media":321604,"comment_status":"open","ping_status":"open","sticky":false,"template":"","format":"standard","meta":{"footnotes":""},"categories":[18826,1170],"tags":[1671],"vendi":[],"content_country":[],"class_list":["post-321749","post","type-post","status-publish","format-standard","has-post-thumbnail","hentry","category-lajme-jeta-ne-zvicer-fr","category-vivre-en-suisse","tag-zvicer-fr"],"acf":[],"_links":{"self":[{"href":"https:\/\/www.albinfo.at\/fr\/wp-json\/wp\/v2\/posts\/321749","targetHints":{"allow":["GET"]}}],"collection":[{"href":"https:\/\/www.albinfo.at\/fr\/wp-json\/wp\/v2\/posts"}],"about":[{"href":"https:\/\/www.albinfo.at\/fr\/wp-json\/wp\/v2\/types\/post"}],"author":[{"embeddable":true,"href":"https:\/\/www.albinfo.at\/fr\/wp-json\/wp\/v2\/users\/4"}],"replies":[{"embeddable":true,"href":"https:\/\/www.albinfo.at\/fr\/wp-json\/wp\/v2\/comments?post=321749"}],"version-history":[{"count":0,"href":"https:\/\/www.albinfo.at\/fr\/wp-json\/wp\/v2\/posts\/321749\/revisions"}],"wp:featuredmedia":[{"embeddable":true,"href":"https:\/\/www.albinfo.at\/fr\/wp-json\/wp\/v2\/media\/321604"}],"wp:attachment":[{"href":"https:\/\/www.albinfo.at\/fr\/wp-json\/wp\/v2\/media?parent=321749"}],"wp:term":[{"taxonomy":"category","embeddable":true,"href":"https:\/\/www.albinfo.at\/fr\/wp-json\/wp\/v2\/categories?post=321749"},{"taxonomy":"post_tag","embeddable":true,"href":"https:\/\/www.albinfo.at\/fr\/wp-json\/wp\/v2\/tags?post=321749"},{"taxonomy":"vendi","embeddable":true,"href":"https:\/\/www.albinfo.at\/fr\/wp-json\/wp\/v2\/vendi?post=321749"},{"taxonomy":"content_country","embeddable":true,"href":"https:\/\/www.albinfo.at\/fr\/wp-json\/wp\/v2\/content_country?post=321749"}],"curies":[{"name":"wp","href":"https:\/\/api.w.org\/{rel}","templated":true}]}}