{"id":312343,"date":"2019-09-22T08:50:58","date_gmt":"2019-09-22T06:50:58","guid":{"rendered":"https:\/\/www.albinfo.ch\/?p=312343"},"modified":"2019-09-22T01:03:10","modified_gmt":"2019-09-21T23:03:10","slug":"introduction-echelonnee-des-titres-de-sejour-au-format-carte-de-credit-a-partir-de-novembre-2019","status":"publish","type":"post","link":"https:\/\/www.albinfo.at\/fr\/introduction-echelonnee-des-titres-de-sejour-au-format-carte-de-credit-a-partir-de-novembre-2019\/","title":{"rendered":"Introduction \u00e9chelonn\u00e9e des titres de s\u00e9jour au format carte de cr\u00e9dit \u00e0 partir de novembre 2019"},"content":{"rendered":"<p>N\u2019\u00e9tant plus appropri\u00e9s, les titres de s\u00e9jour sur support papier seront peu \u00e0 peu remplac\u00e9s par des titres au format carte de cr\u00e9dit d\u2019ici au milieu de 2021. Ces nouveaux titres seront quasi infalsifiables, plus pratiques et plus modernes, mais ne comporteront pas de donn\u00e9es biom\u00e9triques (absence de puce).<\/p>\n<p>Ce changement concerne pr\u00e8s de 1,8 million de titres de s\u00e9jour, d\u00e9livr\u00e9s aux cat\u00e9gories d\u2019\u00e9trangers suivantes\u00a0:<\/p>\n<ul>\n<li>citoyens de l\u2019UE\/AELE (permis L, B et C)\u00a0;<\/li>\n<li>frontaliers, toutes nationalit\u00e9s confondues (permis G)\u00a0;<\/li>\n<li>membres de la famille de diplomates qui exercent une activit\u00e9 lucrative en Suisse (permis Ci)\u00a0;<\/li>\n<li>requ\u00e9rants d\u2019asile dont la proc\u00e9dure est en cours (permis N)\u00a0;<\/li>\n<li>personnes admises \u00e0 titre provisoire (permis F).<\/li>\n<\/ul>\n<h3><strong>Bilan positif de la consultation<\/strong><\/h3>\n<p>Entre le 14 d\u00e9cembre 2018 et le 1er avril 2019, une proc\u00e9dure de consultation a \u00e9t\u00e9 men\u00e9e au sujet du remplacement des titres de s\u00e9jour pour \u00e9trangers sur support papier. La grande majorit\u00e9 des participants ont approuv\u00e9 le projet. Quelques d\u00e9tracteurs ont toutefois d\u00e9plor\u00e9 les \u00e9moluments \u00e0 percevoir pour la saisie des donn\u00e9es, la dur\u00e9e de conservation des donn\u00e9es saisies et les r\u00e9percussions financi\u00e8res pour les cantons. Les souhaits de ces derniers ont \u00e9t\u00e9 pris en compte autant que possible, les tarifs maximums des \u00e9moluments cantonaux per\u00e7us en application de la loi f\u00e9d\u00e9rale sur les \u00e9trangers et l\u2019int\u00e9gration ayant, par exemple, \u00e9t\u00e9 l\u00e9g\u00e8rement ajust\u00e9s.<\/p>\n<p>En outre, suite \u00e0 la consultation, des sanctions sont d\u00e9sormais pr\u00e9vues dans l\u2019ordonnance en cas de violation de l\u2019obligation d\u2019annonce des frontaliers lors d\u2019un changement d\u2019employeur.<\/p>\n<p>Le changement de titre se fera par \u00e9tapes, au gr\u00e9 des cantons, entre le 1er novembre 2019 et le 30 juin 2021. \u00c0 partir du 1er juillet 2021, seuls des titres au format carte de cr\u00e9dit seront d\u00e9livr\u00e9s dans toute la Suisse.<\/p>\n","protected":false},"excerpt":{"rendered":"<p>Les titres de s\u00e9jour sur support papier seront progressivement remplac\u00e9s par des titres au format carte de cr\u00e9dit \u00e0 partir du 1er novembre 2019. Aucune critique fondamentale n\u2019a \u00e9t\u00e9 \u00e9mise au cours de la consultation. Le Conseil f\u00e9d\u00e9ral a adopt\u00e9 les modifications d\u2019ordonnances n\u00e9cessaires lors de sa s\u00e9ance du 20 septembre 2019.<\/p>\n","protected":false},"author":4,"featured_media":311945,"comment_status":"open","ping_status":"open","sticky":false,"template":"","format":"standard","meta":{"footnotes":""},"categories":[18826,1170],"tags":[1671],"vendi":[],"content_country":[],"class_list":["post-312343","post","type-post","status-publish","format-standard","has-post-thumbnail","hentry","category-lajme-jeta-ne-zvicer-fr","category-vivre-en-suisse","tag-zvicer-fr"],"acf":[],"_links":{"self":[{"href":"https:\/\/www.albinfo.at\/fr\/wp-json\/wp\/v2\/posts\/312343","targetHints":{"allow":["GET"]}}],"collection":[{"href":"https:\/\/www.albinfo.at\/fr\/wp-json\/wp\/v2\/posts"}],"about":[{"href":"https:\/\/www.albinfo.at\/fr\/wp-json\/wp\/v2\/types\/post"}],"author":[{"embeddable":true,"href":"https:\/\/www.albinfo.at\/fr\/wp-json\/wp\/v2\/users\/4"}],"replies":[{"embeddable":true,"href":"https:\/\/www.albinfo.at\/fr\/wp-json\/wp\/v2\/comments?post=312343"}],"version-history":[{"count":0,"href":"https:\/\/www.albinfo.at\/fr\/wp-json\/wp\/v2\/posts\/312343\/revisions"}],"wp:featuredmedia":[{"embeddable":true,"href":"https:\/\/www.albinfo.at\/fr\/wp-json\/wp\/v2\/media\/311945"}],"wp:attachment":[{"href":"https:\/\/www.albinfo.at\/fr\/wp-json\/wp\/v2\/media?parent=312343"}],"wp:term":[{"taxonomy":"category","embeddable":true,"href":"https:\/\/www.albinfo.at\/fr\/wp-json\/wp\/v2\/categories?post=312343"},{"taxonomy":"post_tag","embeddable":true,"href":"https:\/\/www.albinfo.at\/fr\/wp-json\/wp\/v2\/tags?post=312343"},{"taxonomy":"vendi","embeddable":true,"href":"https:\/\/www.albinfo.at\/fr\/wp-json\/wp\/v2\/vendi?post=312343"},{"taxonomy":"content_country","embeddable":true,"href":"https:\/\/www.albinfo.at\/fr\/wp-json\/wp\/v2\/content_country?post=312343"}],"curies":[{"name":"wp","href":"https:\/\/api.w.org\/{rel}","templated":true}]}}