{"id":290692,"date":"2019-07-08T16:19:32","date_gmt":"2019-07-08T14:19:32","guid":{"rendered":"https:\/\/www.albinfo.ch\/?p=290692"},"modified":"2019-07-08T16:19:32","modified_gmt":"2019-07-08T14:19:32","slug":"la-suisse-et-la-croatie-des-relations-etroites-et-dynamiques","status":"publish","type":"post","link":"https:\/\/www.albinfo.at\/fr\/la-suisse-et-la-croatie-des-relations-etroites-et-dynamiques\/","title":{"rendered":"La Suisse et la Croatie, des relations \u00e9troites et dynamiques"},"content":{"rendered":"<p><strong>Le lundi 8 juillet 2019, la pr\u00e9sidente de la Croatie Kolinda Grabar-Kitarovi\u0107 \u00e9tait en visite officielle en Suisse. Les pr\u00e8s de 30 000 citoyens croates qui vivent en Suisse et les quelque 300 000 touristes suisses qui visitent la Croatie chaque ann\u00e9e t\u00e9moignent des bonnes relations qu\u2019entretiennent les deux pays. Par ailleurs, la Croatie est le deuxi\u00e8me partenaire commercial de la Suisse en Europe du Sud-Est ; le volume des \u00e9changes commerciaux bilat\u00e9raux a atteint un niveau record l\u2019ann\u00e9e derni\u00e8re. La visite de la pr\u00e9sidente Kolinda Grabar-Kitarovi\u0107 a eu lieu avant que la Croatie ne prenne pour la premi\u00e8re fois la pr\u00e9sidence du Conseil de l\u2019UE.<\/strong><\/p>\n<p>Le pr\u00e9sident de la Conf\u00e9d\u00e9ration Ueli Maurer et la pr\u00e9sidente croate se sont f\u00e9licit\u00e9s des relations qu\u2019entretiennent les deux pays, relations qui ont \u00e9galement profit\u00e9 ces derni\u00e8res ann\u00e9es de la collaboration dans le cadre de la contribution suisse \u00e0 l\u2019\u00e9largissement de l\u2019UE. Sur les douze projets soutenus, un a d\u00e9j\u00e0 abouti et les autres s\u2019ach\u00e8veront en 2024. Les projets portent principalement sur les infrastructures d\u2019approvisionnement en eau potable et de traitement des eaux us\u00e9es ainsi que sur la formation professionnelle et sur la coop\u00e9ration dans le secteur de la recherche.<\/p>\n<p>Le pr\u00e9sident de la Conf\u00e9d\u00e9ration a pr\u00e9sent\u00e9 l\u2019\u00e9tat des relations de la Suisse avec l\u2019Union europ\u00e9enne en r\u00e9affirmant la volont\u00e9 du Conseil f\u00e9d\u00e9ral de r\u00e9soudre les questions en suspens afin de conclure ensuite l\u2019accord institutionnel. Le programme de la pr\u00e9sidence croate du Conseil de l\u2019UE au premier semestre 2020 a \u00e9galement \u00e9t\u00e9 abord\u00e9. La Suisse salue l\u2019engagement de la Croatie en faveur de l\u2019int\u00e9gration \u00e0 l\u2019UE d\u2019autres \u00c9tats balkaniques car la perspective d\u2019adh\u00e9sion pourrait contribuer \u00e0 la stabilit\u00e9 dans la r\u00e9gion des Balkans occidentaux.<\/p>\n<p>Il a aussi \u00e9t\u00e9 question du Protocole\u00a0III concernant l\u2019extension de l\u2019accord sur la libre circulation des personnes \u00e0 la Croatie entr\u00e9 en vigueur le 1er\u00a0janvier 2017. Le pr\u00e9sident de la Conf\u00e9d\u00e9ration a soulign\u00e9 que l\u2019application du protocole ne rencontrait aucun probl\u00e8me particulier. Dans ce contexte, il a expliqu\u00e9 que le Conseil f\u00e9d\u00e9ral avait d\u00e9cid\u00e9 en d\u00e9cembre\u00a02018 de prolonger les dispositions transitoires qui permettront une ouverture progressive de l\u2019acc\u00e8s au march\u00e9 du travail entre les deux pays au cours des prochaines ann\u00e9es.<\/p>\n<p>Parmi les sujets internationaux \u00e0 l\u2019ordre du jour, il y avait notamment un \u00e9change sur la situation dans la r\u00e9gion des Balkans occidentaux. La Pr\u00e9sidente croate a par ailleurs expliqu\u00e9 l\u2019Initiative des trois mers, co-initi\u00e9e par la Croatie, qui a pour but de renforcer la coop\u00e9ration dans les domaines de l\u2019\u00e9conomie, de l\u2019\u00e9nergie, des transports et de la communication entre les douze pays situ\u00e9s en Europe centrale le long d\u2019un axe qui relie la mer Adriatique, la mer Noire et la mer Baltique.<\/p>\n<p>Selon le programme, la visite officielle s\u2019est achev\u00e9e au Parlement par un entretien entre la pr\u00e9sidente Kolinda Grabar-Kitarovi\u0107 et la pr\u00e9sidente du Conseil national Marina Carobbio Guscetti.<\/p>\n","protected":false},"excerpt":{"rendered":"<p>La visite de la pr\u00e9sidente Kolinda Grabar-Kitarovi\u0107 a eu lieu avant que la Croatie ne prenne pour la premi\u00e8re fois la pr\u00e9sidence du Conseil de l\u2019UE<\/p>\n","protected":false},"author":4,"featured_media":290686,"comment_status":"open","ping_status":"open","sticky":false,"template":"","format":"standard","meta":{"footnotes":""},"categories":[18826,1170,1481],"tags":[1671],"vendi":[],"content_country":[],"class_list":["post-290692","post","type-post","status-publish","format-standard","has-post-thumbnail","hentry","category-lajme-jeta-ne-zvicer-fr","category-vivre-en-suisse","category-uncategorized-fr","tag-zvicer-fr"],"acf":[],"_links":{"self":[{"href":"https:\/\/www.albinfo.at\/fr\/wp-json\/wp\/v2\/posts\/290692","targetHints":{"allow":["GET"]}}],"collection":[{"href":"https:\/\/www.albinfo.at\/fr\/wp-json\/wp\/v2\/posts"}],"about":[{"href":"https:\/\/www.albinfo.at\/fr\/wp-json\/wp\/v2\/types\/post"}],"author":[{"embeddable":true,"href":"https:\/\/www.albinfo.at\/fr\/wp-json\/wp\/v2\/users\/4"}],"replies":[{"embeddable":true,"href":"https:\/\/www.albinfo.at\/fr\/wp-json\/wp\/v2\/comments?post=290692"}],"version-history":[{"count":0,"href":"https:\/\/www.albinfo.at\/fr\/wp-json\/wp\/v2\/posts\/290692\/revisions"}],"wp:featuredmedia":[{"embeddable":true,"href":"https:\/\/www.albinfo.at\/fr\/wp-json\/wp\/v2\/media\/290686"}],"wp:attachment":[{"href":"https:\/\/www.albinfo.at\/fr\/wp-json\/wp\/v2\/media?parent=290692"}],"wp:term":[{"taxonomy":"category","embeddable":true,"href":"https:\/\/www.albinfo.at\/fr\/wp-json\/wp\/v2\/categories?post=290692"},{"taxonomy":"post_tag","embeddable":true,"href":"https:\/\/www.albinfo.at\/fr\/wp-json\/wp\/v2\/tags?post=290692"},{"taxonomy":"vendi","embeddable":true,"href":"https:\/\/www.albinfo.at\/fr\/wp-json\/wp\/v2\/vendi?post=290692"},{"taxonomy":"content_country","embeddable":true,"href":"https:\/\/www.albinfo.at\/fr\/wp-json\/wp\/v2\/content_country?post=290692"}],"curies":[{"name":"wp","href":"https:\/\/api.w.org\/{rel}","templated":true}]}}