{"id":252037,"date":"2019-02-21T12:50:10","date_gmt":"2019-02-21T11:50:10","guid":{"rendered":"https:\/\/www.albinfo.ch\/?p=252037"},"modified":"2019-02-21T12:50:10","modified_gmt":"2019-02-21T11:50:10","slug":"asile-statistiques-de-janvier-2019","status":"publish","type":"post","link":"https:\/\/www.albinfo.at\/fr\/asile-statistiques-de-janvier-2019\/","title":{"rendered":"Asile : Statistiques de janvier 2019"},"content":{"rendered":"<p>En janvier 2019, 1153 demandes d\u2019asile ont \u00e9t\u00e9 d\u00e9pos\u00e9es en Suisse, soit 128 de plus que le mois pr\u00e9c\u00e9dent (+12,5%). Par rapport au mois de janvier de l\u2019ann\u00e9e derni\u00e8re, cela repr\u00e9sente une diminution de 19,4% (-278 demandes).<\/p>\n<p>Pendant le mois de janvier, le Secr\u00e9tariat d&#8217;\u00c9tat aux migrations (SEM) a trait\u00e9 1351 demandes d&#8217;asile en premi\u00e8re instance. Parmi elles, 305 ont abouti \u00e0 une d\u00e9cision de non-entr\u00e9e en mati\u00e8re (dont 265 sur la base de l&#8217;accord de Dublin), 356 \u00e0 l&#8217;octroi de l&#8217;asile et 364 \u00e0 l&#8217;admission provisoire. Le nombre de demandes en suspens en premi\u00e8re instance s&#8217;\u00e9l\u00e8ve \u00e0 11 504, en baisse de 90\u00a0unit\u00e9s par rapport au mois pr\u00e9c\u00e9dent.<\/p>\n<p>Les principaux pays de provenance des requ\u00e9rants en Suisse restent, en janvier, l&#8217;\u00c9rythr\u00e9e avec 196\u00a0demandes, soit 30 de plus qu&#8217;en d\u00e9cembre 2018, et l&#8217;Afghanistan (105 demandes\u00a0; +24). Puis viennent la Syrie (95\u00a0demandes\u00a0; -10), la G\u00e9orgie (80 demandes\u00a0; -2), et l&#8217;Alg\u00e9rie (72 demandes\u00a0; -1).<\/p>\n<h3>Programmes de r\u00e9installation<\/h3>\n<p>Au cours du mois de janvier, 115 personnes de nationalit\u00e9 syrienne sont arriv\u00e9es en Suisse dans le cadre du programme de r\u00e9installation du Haut-Commissariat pour les r\u00e9fugi\u00e9s des Nations-Unies. En d\u00e9cembre 2016, le Conseil f\u00e9d\u00e9ral avait d\u00e9cid\u00e9 d&#8217;accueillir en l&#8217;espace de deux ans un contingent de 2000 victimes du conflit syrien. Entre le printemps 2017 et la fin du mois de janvier 2019, 1709 personnes ont \u00e9t\u00e9 accueillies en Suisse dans ce cadre. Ce programme de r\u00e9installation s&#8217;adresse \u00e0 des personnes particuli\u00e8rement vuln\u00e9rables qui se trouvent en Syrie ou dans les pays voisins, auxquelles le HCR a reconnu le statut de r\u00e9fugi\u00e9.<\/p>\n","protected":false},"excerpt":{"rendered":"<p>En janvier 2019, 1153 demandes d\u2019asile ont \u00e9t\u00e9 d\u00e9pos\u00e9es en Suisse, soit 128 de plus que le mois pr\u00e9c\u00e9dent (+12,5%). Par rapport au mois de janvier de l\u2019ann\u00e9e derni\u00e8re, cela repr\u00e9sente une diminution de 19,4% (-278 demandes). Pendant le mois de janvier, le Secr\u00e9tariat d&#8217;\u00c9tat aux migrations (SEM) a trait\u00e9 1351 demandes d&#8217;asile en premi\u00e8re [&hellip;]<\/p>\n","protected":false},"author":6,"featured_media":220638,"comment_status":"open","ping_status":"open","sticky":false,"template":"","format":"standard","meta":{"footnotes":""},"categories":[1187,1170],"tags":[1671,1916],"vendi":[],"content_country":[],"class_list":["post-252037","post","type-post","status-publish","format-standard","has-post-thumbnail","hentry","category-breves","category-vivre-en-suisse","tag-zvicer-fr","tag-azil-fr"],"acf":[],"_links":{"self":[{"href":"https:\/\/www.albinfo.at\/fr\/wp-json\/wp\/v2\/posts\/252037","targetHints":{"allow":["GET"]}}],"collection":[{"href":"https:\/\/www.albinfo.at\/fr\/wp-json\/wp\/v2\/posts"}],"about":[{"href":"https:\/\/www.albinfo.at\/fr\/wp-json\/wp\/v2\/types\/post"}],"author":[{"embeddable":true,"href":"https:\/\/www.albinfo.at\/fr\/wp-json\/wp\/v2\/users\/6"}],"replies":[{"embeddable":true,"href":"https:\/\/www.albinfo.at\/fr\/wp-json\/wp\/v2\/comments?post=252037"}],"version-history":[{"count":0,"href":"https:\/\/www.albinfo.at\/fr\/wp-json\/wp\/v2\/posts\/252037\/revisions"}],"wp:featuredmedia":[{"embeddable":true,"href":"https:\/\/www.albinfo.at\/fr\/wp-json\/wp\/v2\/media\/220638"}],"wp:attachment":[{"href":"https:\/\/www.albinfo.at\/fr\/wp-json\/wp\/v2\/media?parent=252037"}],"wp:term":[{"taxonomy":"category","embeddable":true,"href":"https:\/\/www.albinfo.at\/fr\/wp-json\/wp\/v2\/categories?post=252037"},{"taxonomy":"post_tag","embeddable":true,"href":"https:\/\/www.albinfo.at\/fr\/wp-json\/wp\/v2\/tags?post=252037"},{"taxonomy":"vendi","embeddable":true,"href":"https:\/\/www.albinfo.at\/fr\/wp-json\/wp\/v2\/vendi?post=252037"},{"taxonomy":"content_country","embeddable":true,"href":"https:\/\/www.albinfo.at\/fr\/wp-json\/wp\/v2\/content_country?post=252037"}],"curies":[{"name":"wp","href":"https:\/\/api.w.org\/{rel}","templated":true}]}}