{"id":246738,"date":"2019-01-30T14:40:22","date_gmt":"2019-01-30T13:40:22","guid":{"rendered":"https:\/\/www.albinfo.ch\/grupet-e-minoriteteve-ne-zvicer-do-perfitojne-mbrojtje\/"},"modified":"2019-01-31T00:23:17","modified_gmt":"2019-01-30T23:23:17","slug":"grupet-e-minoriteteve-ne-zvicer-do-perfitojne-mbrojtje","status":"publish","type":"post","link":"https:\/\/www.albinfo.at\/fr\/grupet-e-minoriteteve-ne-zvicer-do-perfitojne-mbrojtje\/","title":{"rendered":"Minorit\u00e9s ayant un besoin de protection particulier\u00a0"},"content":{"rendered":"<div class=\"mod mod-nsbnewsdetails\">\n<p>Le Conseil f\u00e9d\u00e9ral entend verser jusqu&#8217;\u00e0 500 000 francs par an pour participer aux co\u00fbts de s\u00e9curit\u00e9 que doivent supporter les minorit\u00e9s particuli\u00e8rement expos\u00e9es au terrorisme ou \u00e0 l\u2019extr\u00e9misme violent. Lors de sa s\u00e9ance du 30 janvier 2019, le Conseil f\u00e9d\u00e9ral a mis en consultation l&#8217;ordonnance qui servira de base \u00e0 l&#8217;octroi de ces aides.<\/p>\n<p>Dans son concept du 17 avril\u00a02018, le R\u00e9seau national de s\u00e9curit\u00e9 (RNS) a recommand\u00e9 de renforcer la collaboration entre le Service de renseignement de la Conf\u00e9d\u00e9ration (SRC), la police et les minorit\u00e9s concern\u00e9es, en premier lieu les communaut\u00e9s juives et musulmanes. Lors de l&#8217;\u00e9laboration du concept du RNS, il a \u00e9t\u00e9 d\u00e9cid\u00e9 que la Conf\u00e9d\u00e9ration pourrait verser jusqu&#8217;\u00e0 500\u00a0000 francs par an pour contribuer aux mesures de s\u00e9curit\u00e9 visant \u00e0 prot\u00e9ger ces minorit\u00e9s particuli\u00e8rement menac\u00e9es.<\/p>\n<h3>Soutien \u00e0 diff\u00e9rentes minorit\u00e9s<\/h3>\n<p>Le Conseil f\u00e9d\u00e9ral a donc mis en consultation une ordonnance pr\u00e9voyant que la Conf\u00e9d\u00e9ration peut participer aux co\u00fbts des mesures architectoniques et techniques visant \u00e0 r\u00e9duire la criminalit\u00e9. Il peut s&#8217;agir de cl\u00f4tures, de murs, de syst\u00e8mes de protection des entr\u00e9es comme des cam\u00e9ras de surveillance ou des alarmes. Elle peut par ailleurs contribuer au financement de formations, notamment dans les domaines de la gestion des risques et de la pr\u00e9vention des menaces. Enfin, la Conf\u00e9d\u00e9ration peut aussi soutenir les mesures de sensibilisation ou d&#8217;information du public. L&#8217;ordonnance permettra d&#8217;apporter un soutien non seulement \u00e0 des communaut\u00e9s religieuses, mais aussi \u00e0 des gens du voyage (Y\u00e9niches, Roms et Sint\u00e9s) ou \u00e0 des groupes qui sont minoritaires en raison de leur orientation sexuelle (homosexuels, bisexuels, transgenres et intersexes). La condition pour b\u00e9n\u00e9ficier d&#8217;une aide est que le groupement en question entretienne un lien solide avec la Suisse et ses valeurs.<\/p>\n<p>Une participation au financement de personnel de s\u00e9curit\u00e9 est en revanche exclue. Les demandes d&#8217;aide seront examin\u00e9es par l&#8217;Office f\u00e9d\u00e9ral de la police, qui requerra au pr\u00e9alable une appr\u00e9ciation de la vuln\u00e9rabilit\u00e9 des minorit\u00e9s aupr\u00e8s du SRC.<\/p>\n<p>La proc\u00e9dure de consultation au sujet de l&#8217;ordonnance sur les mesures visant \u00e0 garantir la s\u00e9curit\u00e9 des minorit\u00e9s ayant un besoin de protection particulier (OSMP) dure jusqu&#8217;au\u00a07\u00a0mai\u00a02019.<\/p>\n<\/div>\n","protected":false},"excerpt":{"rendered":"<p>Le Conseil f\u00e9d\u00e9ral entend verser jusqu&#8217;\u00e0 500 000 francs par an pour participer aux co\u00fbts de s\u00e9curit\u00e9 que doivent supporter les minorit\u00e9s particuli\u00e8rement expos\u00e9es au terrorisme ou \u00e0 l\u2019extr\u00e9misme violent. Lors de sa s\u00e9ance du 30 janvier 2019, le Conseil f\u00e9d\u00e9ral a mis en consultation l&#8217;ordonnance qui servira de base \u00e0 l&#8217;octroi de ces aides. [&hellip;]<\/p>\n","protected":false},"author":19,"featured_media":228129,"comment_status":"open","ping_status":"open","sticky":false,"template":"","format":"standard","meta":{"footnotes":""},"categories":[1187,1170],"tags":[1671,11256,11257],"vendi":[],"content_country":[],"class_list":["post-246738","post","type-post","status-publish","format-standard","has-post-thumbnail","hentry","category-breves","category-vivre-en-suisse","tag-zvicer-fr","tag-mbrojtje-fr","tag-minoritete-fr"],"acf":[],"_links":{"self":[{"href":"https:\/\/www.albinfo.at\/fr\/wp-json\/wp\/v2\/posts\/246738","targetHints":{"allow":["GET"]}}],"collection":[{"href":"https:\/\/www.albinfo.at\/fr\/wp-json\/wp\/v2\/posts"}],"about":[{"href":"https:\/\/www.albinfo.at\/fr\/wp-json\/wp\/v2\/types\/post"}],"author":[{"embeddable":true,"href":"https:\/\/www.albinfo.at\/fr\/wp-json\/wp\/v2\/users\/19"}],"replies":[{"embeddable":true,"href":"https:\/\/www.albinfo.at\/fr\/wp-json\/wp\/v2\/comments?post=246738"}],"version-history":[{"count":0,"href":"https:\/\/www.albinfo.at\/fr\/wp-json\/wp\/v2\/posts\/246738\/revisions"}],"wp:featuredmedia":[{"embeddable":true,"href":"https:\/\/www.albinfo.at\/fr\/wp-json\/wp\/v2\/media\/228129"}],"wp:attachment":[{"href":"https:\/\/www.albinfo.at\/fr\/wp-json\/wp\/v2\/media?parent=246738"}],"wp:term":[{"taxonomy":"category","embeddable":true,"href":"https:\/\/www.albinfo.at\/fr\/wp-json\/wp\/v2\/categories?post=246738"},{"taxonomy":"post_tag","embeddable":true,"href":"https:\/\/www.albinfo.at\/fr\/wp-json\/wp\/v2\/tags?post=246738"},{"taxonomy":"vendi","embeddable":true,"href":"https:\/\/www.albinfo.at\/fr\/wp-json\/wp\/v2\/vendi?post=246738"},{"taxonomy":"content_country","embeddable":true,"href":"https:\/\/www.albinfo.at\/fr\/wp-json\/wp\/v2\/content_country?post=246738"}],"curies":[{"name":"wp","href":"https:\/\/api.w.org\/{rel}","templated":true}]}}