{"id":237999,"date":"2018-12-20T11:00:44","date_gmt":"2018-12-20T10:00:44","guid":{"rendered":"https:\/\/www.albinfo.ch\/?p=237999"},"modified":"2018-12-20T13:09:12","modified_gmt":"2018-12-20T12:09:12","slug":"les-prets-du-gouvernement-helvetique-aident-a-la-creation-dentreprises-en-europe-du-sud-est","status":"publish","type":"post","link":"https:\/\/www.albinfo.at\/fr\/les-prets-du-gouvernement-helvetique-aident-a-la-creation-dentreprises-en-europe-du-sud-est\/","title":{"rendered":"Les pr\u00eats du gouvernement helv\u00e9tique aident \u00e0 la cr\u00e9ation d\u2019entreprises en Europe du Sud-Est"},"content":{"rendered":"<p>Le SECO Start-up Fund (SSF) est un instrument de collaboration \u00e9conomique entre la Suisse et des pays s\u00e9lectionn\u00e9s en Afrique, Am\u00e9rique Latine, Asie, pays de l\u2019ex-Union Sovi\u00e9tique (ex-URSS) et ceux de l\u2019Europe de l\u2019Est et du Sud-Est. Les entrepreneurs vivant en Suisse peuvent postuler pour un pr\u00eat aupr\u00e8s de SSF dans le but de cr\u00e9er une entreprise en Europe du Sud. Le pr\u00eat de SSF peut \u00eatre utilis\u00e9 aussi bien en tant qu\u2019investissement que comme capital ou fonds de roulement. Au Kosovo et en Mac\u00e9doine, les entrepreneurs ont \u00e9galement eu recours \u00e0 SSF avec succ\u00e8s, comme le d\u00e9montrent les deux exemples \u00e0 suivre.<\/p>\n<p><a href=\"https:\/\/www.albinfo.ch\/wp-content\/uploads\/2018\/12\/swisshydroimg_0961a.jpg\"><img loading=\"lazy\" decoding=\"async\" class=\"alignnone wp-image-237983\" src=\"https:\/\/www.albinfo.ch\/wp-content\/uploads\/2018\/12\/swisshydroimg_0961a.jpg\" alt=\"\" width=\"600\" height=\"450\" srcset=\"https:\/\/www.albinfo.at\/wp-content\/uploads\/2018\/12\/swisshydroimg_0961a.jpg 1000w, https:\/\/www.albinfo.at\/wp-content\/uploads\/2018\/12\/swisshydroimg_0961a-300x225.jpg 300w, https:\/\/www.albinfo.at\/wp-content\/uploads\/2018\/12\/swisshydroimg_0961a-768x576.jpg 768w, https:\/\/www.albinfo.at\/wp-content\/uploads\/2018\/12\/swisshydroimg_0961a-528x396.jpg 528w, https:\/\/www.albinfo.at\/wp-content\/uploads\/2018\/12\/swisshydroimg_0961a-133x100.jpg 133w, https:\/\/www.albinfo.at\/wp-content\/uploads\/2018\/12\/swisshydroimg_0961a-233x175.jpg 233w\" sizes=\"auto, (max-width: 600px) 100vw, 600px\" \/><\/a><\/p>\n<p><strong>Swiss Hydro Company \u2013 Cr\u00e9ation d\u2019une entreprise familiale en Mac\u00e9doine. <\/strong><\/p>\n<p>Ismail Dervishi, installateur sanitaire de Thurgovie, n\u2019avait initialement pas pens\u00e9 \u00e0 l\u2019id\u00e9e de cr\u00e9er une entreprise en Mac\u00e9doine. Mais durant ses engagements avec ses proches et amis, il comprit qu\u2019il y existait une demande importante et non satisfaite de services et produits de haute qualit\u00e9 et sp\u00e9cifiquement de marques suisses. Il a ainsi d\u00e9cid\u00e9 d\u2019user de son exp\u00e9rience de plusieurs ann\u00e9es comme installateur sanitaire (hydraulique) et de ses contacts avec les producteurs de ce secteur afin de cr\u00e9er une entreprise sp\u00e9cialis\u00e9e dans le sanitaire telle que Swiss Hydro Company. Sa vision d\u2019\u00e9tablir une entreprise exemplaire et d\u2019amener la qualit\u00e9 suisse en Mac\u00e9doine a \u00e9t\u00e9 d\u00e9terminante. La soci\u00e9t\u00e9 a d\u00e9but\u00e9 en 2008 avec la distribution de produits de Geberit. Alors que le pr\u00eat bancaire n\u2019\u00e9tait pas envisageable dans une phase autant pr\u00e9coce, Swiss Hydro Company a postul\u00e9 avec succ\u00e8s en 2011 pour un pr\u00eat aupr\u00e8s de SSF. Gr\u00e2ce \u00e0 ce dernier, l\u2019entreprise a pu financer l\u2019expansion de son b\u00e2timent commercial ainsi que l\u2019achat du mat\u00e9riel et des \u00e9quipements. Durant les 10 derni\u00e8res ann\u00e9es, cette entreprise familiale &#8211; dans laquelle sont employ\u00e9es les filles et belles-filles des fondateurs \u2013 s\u2019est bien d\u00e9velopp\u00e9e et compte aujourd\u2019hui 9 employ\u00e9s.<\/p>\n<p>Le pr\u00eat de SCEO Start-up Fund pour l\u2019entrepreneur Dervishi a constitu\u00e9 une ressource importante financi\u00e8re dans une phase de d\u00e9marrage de son entreprise, \u00ab\u00a0m\u00eame si le pr\u00eat, \u00e9tabli en francs suisse, s\u2019est av\u00e9r\u00e9 assez cher pour notre entreprise qui fonctionne en euro\u00a0\u00bb.<\/p>\n<p><a href=\"https:\/\/www.albinfo.ch\/wp-content\/uploads\/2018\/12\/foto-3-seco.jpg\"><img loading=\"lazy\" decoding=\"async\" class=\"alignnone wp-image-237971\" src=\"https:\/\/www.albinfo.ch\/wp-content\/uploads\/2018\/12\/foto-3-seco-1024x662.jpg\" alt=\"\" width=\"619\" height=\"400\" srcset=\"https:\/\/www.albinfo.at\/wp-content\/uploads\/2018\/12\/foto-3-seco-1024x662.jpg 1024w, https:\/\/www.albinfo.at\/wp-content\/uploads\/2018\/12\/foto-3-seco-300x194.jpg 300w, https:\/\/www.albinfo.at\/wp-content\/uploads\/2018\/12\/foto-3-seco-768x497.jpg 768w, https:\/\/www.albinfo.at\/wp-content\/uploads\/2018\/12\/foto-3-seco-540x350.jpg 540w, https:\/\/www.albinfo.at\/wp-content\/uploads\/2018\/12\/foto-3-seco-87x56.jpg 87w, https:\/\/www.albinfo.at\/wp-content\/uploads\/2018\/12\/foto-3-seco-587x380.jpg 587w, https:\/\/www.albinfo.at\/wp-content\/uploads\/2018\/12\/foto-3-seco-155x100.jpg 155w, https:\/\/www.albinfo.at\/wp-content\/uploads\/2018\/12\/foto-3-seco-265x171.jpg 265w, https:\/\/www.albinfo.at\/wp-content\/uploads\/2018\/12\/foto-3-seco.jpg 1763w\" sizes=\"auto, (max-width: 619px) 100vw, 619px\" \/><\/a><\/p>\n<p><strong>D\u2019une station d\u2019essence au pellet\u00a0: l\u2019entreprenariat au Kosovo. <\/strong><\/p>\n<p><strong>\u200b<\/strong>Bashkim Zejnullahu avait spontan\u00e9ment d\u00e9cid\u00e9 de quitter le Canton de Soleure en 2002 pour un nouveau d\u00e9part en tant qu\u2019entrepreneur au Kosovo. Il se dit aujourd\u2019hui tr\u00e8s satisfait du courage qu\u2019il avait d\u00e9montr\u00e9 lorsqu\u2019il a pris cette initiative: \u00ab\u00a0En Suisse, je n\u2019aurais jamais pu devenir ind\u00e9pendant avec mes ressources financi\u00e8res. Au Kosovo, je voyais moins de concurrence et\u00a0 plus d\u2019espace libre pour une initiative d\u2019entreprise.\u00a0\u00bb<\/p>\n<p>En 2002, Zejnullahu avait d\u00e9but\u00e9 sa premi\u00e8re entreprise, une petite station \u00e0 essence qui inclut un restaurant et un bar. En 2007, il a poursuivi avec une entreprise de distribution de journaux internationaux et en 2009 il s\u2019est octroy\u00e9 un moulin \u00e0 c\u00e9r\u00e9ales.<\/p>\n<p><a href=\"https:\/\/www.albinfo.ch\/wp-content\/uploads\/2018\/12\/pellet-fabrikgebaeude-von-vorn.jpg\"><img loading=\"lazy\" decoding=\"async\" class=\"alignnone wp-image-237974\" src=\"https:\/\/www.albinfo.ch\/wp-content\/uploads\/2018\/12\/pellet-fabrikgebaeude-von-vorn-1024x768.jpg\" alt=\"\" width=\"627\" height=\"470\" srcset=\"https:\/\/www.albinfo.at\/wp-content\/uploads\/2018\/12\/pellet-fabrikgebaeude-von-vorn-1024x768.jpg 1024w, https:\/\/www.albinfo.at\/wp-content\/uploads\/2018\/12\/pellet-fabrikgebaeude-von-vorn-300x225.jpg 300w, https:\/\/www.albinfo.at\/wp-content\/uploads\/2018\/12\/pellet-fabrikgebaeude-von-vorn-768x576.jpg 768w, https:\/\/www.albinfo.at\/wp-content\/uploads\/2018\/12\/pellet-fabrikgebaeude-von-vorn-528x396.jpg 528w, https:\/\/www.albinfo.at\/wp-content\/uploads\/2018\/12\/pellet-fabrikgebaeude-von-vorn-133x100.jpg 133w, https:\/\/www.albinfo.at\/wp-content\/uploads\/2018\/12\/pellet-fabrikgebaeude-von-vorn-233x175.jpg 233w, https:\/\/www.albinfo.at\/wp-content\/uploads\/2018\/12\/pellet-fabrikgebaeude-von-vorn.jpg 2048w\" sizes=\"auto, (max-width: 627px) 100vw, 627px\" \/><\/a><\/p>\n<p>Gr\u00e2ce \u00e0 un pr\u00eat venant de SECO Start-up Fund, M. Zejnullahu a \u00e9tabli une usine \u00e0 production de pellet. Il en est aujourd\u2019hui le plus grand fournisseur du march\u00e9 local.<\/p>\n<p>Apr\u00e8s avoir rembours\u00e9 le premier pr\u00eat, il a postul\u00e9 avec succ\u00e8s en 2013 et 2015 pour financer l\u2019expansion d\u2019une usine \u00e0 production de sacs en papier ainsi que pour l\u2019\u00e9tablissement d\u2019une usine \u00e0 pellet en Mac\u00e9doine. Durant les 16 derni\u00e8res ann\u00e9es, il a, de cette fa\u00e7on, cr\u00e9\u00e9 environ 100 emplois.<\/p>\n<p>La cr\u00e9ation d\u2019autant d\u2019entreprises demande un engagement et une volont\u00e9 hors du commun afin de r\u00e9investir continuellement et de prendre sur soi les risques financiers que cela engendre. \u00ab\u00a0Ainsi, une partenaire tel que SECO Start-up Fund \u00e9tait tr\u00e8s important\u00a0\u00bb explique Zejnullahu, \u00ab\u00a0c\u2019est un fonds qui peut vous aider et vous conseiller afin de trouver des solutions lorsque vous rencontrez des difficult\u00e9s\u00a0\u00bb.<\/p>\n<p><a href=\"https:\/\/www.albinfo.ch\/wp-content\/uploads\/2018\/12\/seco-2a.jpg\"><img loading=\"lazy\" decoding=\"async\" class=\"alignnone wp-image-237977\" src=\"https:\/\/www.albinfo.ch\/wp-content\/uploads\/2018\/12\/seco-2a.jpg\" alt=\"\" width=\"667\" height=\"500\" srcset=\"https:\/\/www.albinfo.at\/wp-content\/uploads\/2018\/12\/seco-2a.jpg 1000w, https:\/\/www.albinfo.at\/wp-content\/uploads\/2018\/12\/seco-2a-300x225.jpg 300w, https:\/\/www.albinfo.at\/wp-content\/uploads\/2018\/12\/seco-2a-768x576.jpg 768w, https:\/\/www.albinfo.at\/wp-content\/uploads\/2018\/12\/seco-2a-528x396.jpg 528w, https:\/\/www.albinfo.at\/wp-content\/uploads\/2018\/12\/seco-2a-133x100.jpg 133w, https:\/\/www.albinfo.at\/wp-content\/uploads\/2018\/12\/seco-2a-233x175.jpg 233w\" sizes=\"auto, (max-width: 667px) 100vw, 667px\" \/><\/a><\/p>\n<p><a href=\"https:\/\/www.albinfo.ch\/wp-content\/uploads\/2018\/12\/swisshydroimg_0959a.jpg\"><img loading=\"lazy\" decoding=\"async\" class=\"alignnone wp-image-237980\" src=\"https:\/\/www.albinfo.ch\/wp-content\/uploads\/2018\/12\/swisshydroimg_0959a.jpg\" alt=\"\" width=\"667\" height=\"500\" srcset=\"https:\/\/www.albinfo.at\/wp-content\/uploads\/2018\/12\/swisshydroimg_0959a.jpg 1000w, https:\/\/www.albinfo.at\/wp-content\/uploads\/2018\/12\/swisshydroimg_0959a-300x225.jpg 300w, https:\/\/www.albinfo.at\/wp-content\/uploads\/2018\/12\/swisshydroimg_0959a-768x576.jpg 768w, https:\/\/www.albinfo.at\/wp-content\/uploads\/2018\/12\/swisshydroimg_0959a-528x396.jpg 528w, https:\/\/www.albinfo.at\/wp-content\/uploads\/2018\/12\/swisshydroimg_0959a-133x100.jpg 133w, https:\/\/www.albinfo.at\/wp-content\/uploads\/2018\/12\/swisshydroimg_0959a-233x175.jpg 233w\" sizes=\"auto, (max-width: 667px) 100vw, 667px\" \/><\/a><\/p>\n<p><a href=\"http:\/\/www.secostartupfund.ch\">www.secostartupfund.ch<\/a><\/p>\n","protected":false},"excerpt":{"rendered":"<p>Le SECO Start-up Fund (SSF) est un instrument de collaboration \u00e9conomique entre la Suisse et des pays s\u00e9lectionn\u00e9s en Afrique, Am\u00e9rique Latine, Asie, pays de l\u2019ex-Union Sovi\u00e9tique (ex-URSS) et ceux de l\u2019Europe de l\u2019Est et du Sud-Est. Les entrepreneurs vivant en Suisse peuvent postuler pour un pr\u00eat aupr\u00e8s de SSF dans le but de cr\u00e9er [&hellip;]<\/p>\n","protected":false},"author":6,"featured_media":237987,"comment_status":"open","ping_status":"open","sticky":false,"template":"","format":"standard","meta":{"footnotes":""},"categories":[1161,3949,8183,1159],"tags":[],"vendi":[],"content_country":[],"class_list":["post-237999","post","type-post","status-publish","format-standard","has-post-thumbnail","hentry","category-investissement","category-kosova-fr","category-finances-fr","category-ch-balkans"],"acf":[],"_links":{"self":[{"href":"https:\/\/www.albinfo.at\/fr\/wp-json\/wp\/v2\/posts\/237999","targetHints":{"allow":["GET"]}}],"collection":[{"href":"https:\/\/www.albinfo.at\/fr\/wp-json\/wp\/v2\/posts"}],"about":[{"href":"https:\/\/www.albinfo.at\/fr\/wp-json\/wp\/v2\/types\/post"}],"author":[{"embeddable":true,"href":"https:\/\/www.albinfo.at\/fr\/wp-json\/wp\/v2\/users\/6"}],"replies":[{"embeddable":true,"href":"https:\/\/www.albinfo.at\/fr\/wp-json\/wp\/v2\/comments?post=237999"}],"version-history":[{"count":0,"href":"https:\/\/www.albinfo.at\/fr\/wp-json\/wp\/v2\/posts\/237999\/revisions"}],"wp:featuredmedia":[{"embeddable":true,"href":"https:\/\/www.albinfo.at\/fr\/wp-json\/wp\/v2\/media\/237987"}],"wp:attachment":[{"href":"https:\/\/www.albinfo.at\/fr\/wp-json\/wp\/v2\/media?parent=237999"}],"wp:term":[{"taxonomy":"category","embeddable":true,"href":"https:\/\/www.albinfo.at\/fr\/wp-json\/wp\/v2\/categories?post=237999"},{"taxonomy":"post_tag","embeddable":true,"href":"https:\/\/www.albinfo.at\/fr\/wp-json\/wp\/v2\/tags?post=237999"},{"taxonomy":"vendi","embeddable":true,"href":"https:\/\/www.albinfo.at\/fr\/wp-json\/wp\/v2\/vendi?post=237999"},{"taxonomy":"content_country","embeddable":true,"href":"https:\/\/www.albinfo.at\/fr\/wp-json\/wp\/v2\/content_country?post=237999"}],"curies":[{"name":"wp","href":"https:\/\/api.w.org\/{rel}","templated":true}]}}