{"id":169392,"date":"2017-11-06T13:29:01","date_gmt":"2017-11-06T12:29:01","guid":{"rendered":"http:\/\/www.albinfo.ch\/?p=169392\/"},"modified":"2024-10-14T22:42:58","modified_gmt":"2024-10-14T20:42:58","slug":"les-medecins-albano-suisses-ambassadeurs-de-lintegration-et-du-developpement","status":"publish","type":"post","link":"https:\/\/www.albinfo.at\/fr\/les-medecins-albano-suisses-ambassadeurs-de-lintegration-et-du-developpement\/","title":{"rendered":"Les m\u00e9decins albano-suisses, ambassadeurs de l&#8217;int\u00e9gration et du d\u00e9veloppement"},"content":{"rendered":"<p>Une enqu\u00eate men\u00e9e par l&#8217;\u00e9quipe d&#8217;<a href=\"http:\/\/albinfo.ch\">albinfo.ch<\/a> montre que le nombre de m\u00e9decins suisses d\u2019origine albanaise avoisine environ 400 personnes. Ce nombre n&#8217;est pas n\u00e9gligeable, mais il n\u2019est pas non plus significatif par rapport au poids d\u00e9mographique important de cette population en Suisse.<\/p>\n<p>Le profil des m\u00e9decins albanais est vari\u00e9, allant des m\u00e9decins g\u00e9n\u00e9ralistes \u00e0 divers sp\u00e9cialistes, dont certains tr\u00e8s connus, comme l&#8217;illustre dans ce num\u00e9ro le c\u00e9l\u00e8bre chirurgien de cardiologie albano-suisse, Omer Xhemaili, sans oublier d&#8217;autres m\u00e9decins bien connus en Suisse, comme Florim Cuculi, Avdulla Krasniqi, Emrush Rexhaj, G\u00ebzim Dushi, Flora Brovina-Shehu, Semun Abdili, Mentor Bilali, etc..<\/p>\n<p>Les m\u00e9decins suisses d&#8217;origine albanaise peuvent jouer un r\u00f4le important en facilitant le processus d&#8217;int\u00e9gration harmonieuse des Albanais en Suisse, ainsi que le d\u00e9veloppement de leur pays d&#8217;origine.<\/p>\n<p>En ce qui concerne l&#8217;int\u00e9gration, ces derni\u00e8res ann\u00e9es, on reconna\u00eet de plus en plus le fait que l&#8217;un des indicateurs de l\u2019int\u00e9gration est le r\u00e9duction des diff\u00e9rences entre les ressortissants suisses et \u00e9trangers en mati\u00e8re de sant\u00e9. Cela implique une bonne sant\u00e9 des individus, une meilleure esp\u00e9rance de vie, une hygi\u00e8ne de vie et un acc\u00e8s aux services m\u00e9dicaux. \u00c0 cet \u00e9gard, L\u2019Office f\u00e9d\u00e9ral de la sant\u00e9 publique (OFSP) et des r\u00e9seaux hospitaliers suisses sont \u00e9galement fortement engag\u00e9s pour faciliter aux migrants l&#8217;acc\u00e8s aux soins de sant\u00e9. Sachant que les m\u00e9decins albano-suisses jouissent d&#8217;une autorit\u00e9 incontest\u00e9e aux yeux de leurs compatriotes, tout conseil ou orientation aura des effets durables sur l&#8217;am\u00e9lioration de la sant\u00e9 de ces communaut\u00e9s immigr\u00e9es, en particulier dans la phase de pr\u00e9vention, et ce aupr\u00e8s de toutes g\u00e9n\u00e9rations et cat\u00e9gories sociales.<\/p>\n<p>L&#8217;effet de ces blouse-blanches peut aussi rev\u00eatir une importance particuli\u00e8re pour le d\u00e9veloppement durable de la m\u00e9decine au Kosovo, en Mac\u00e9doine, en Albanie, dans la vall\u00e9e de Presheva et au Mont\u00e9n\u00e9gro. Compte tenu du niveau \u00e9lev\u00e9 et hautement s\u00e9lectif dans le syst\u00e8me universitaire de m\u00e9decine et la qualit\u00e9 de cette formation en Suisse, les m\u00e9decins originaires des Balkans peuvent indubitablement aider les pays d&#8217;origine en transf\u00e9rant leurs connaissances et celles de leurs pairs. Ils peuvent \u00e9galement influencer l&#8217;\u00e9volution de l&#8217;approche vis-\u00e0-vis du patient et contribuer \u00e0 l\u2019\u00e9laboration de politiques publiques efficaces dans le domaine de la sant\u00e9 publique. \u00c0 cet \u00e9gard, l&#8217;impact av\u00e9r\u00e9 des m\u00e9decins serbo-suisses dans le domaine de la sant\u00e9 dans leur pays d&#8217;origine devrait \u00eatre pris comme exemple. Ainsi, l&#8217;effet des m\u00e9decins albano-helv\u00e9tiques sera plus grand s&#8217;ils parviennent \u00e0 trouver le temps et l&#8217;accord pour construire une structure professionnelle appropri\u00e9e, afin d\u2019amorcer, dans la dur\u00e9e, des actions de solidarit\u00e9 avec leurs compatriotes dans leur pays d\u2019origine, qui ne peuvent plus b\u00e9n\u00e9ficier, depuis des d\u00e9cennies, des soins de sant\u00e9 de qualit\u00e9.<\/p>\n<p>Ce num\u00e9ro du magazine Albinfo.ch vous apporte une myriade d&#8217;\u00e9crits et de portraits qui refl\u00e8tent la pluralit\u00e9 des profils des toubibs suisses d\u2019origine albanaise. Il contient aussi diverses informations sur la tendance \u00e0 cr\u00e9er des homes pour personnes \u00e2g\u00e9es destin\u00e9s \u00e0 la population albanaise senior qui est en pleine expansion, ainsi que la tendance de la migration des m\u00e9decins albanais vers les pays occidentaux.<\/p>\n<p>Je vous souhaite une lecture saine!<\/p>\n<p>Dr. Bashkim Iseni, Directeur de la Plateforme Albinfo.ch<\/p>\n<p>&nbsp;<\/p>\n<p>&nbsp;<\/p>\n<p>&nbsp;<\/p>\n","protected":false},"excerpt":{"rendered":"<p>Les m\u00e9decins suisses d&#8217;origine albanaise peuvent jouer un r\u00f4le important en facilitant le processus d&#8217;int\u00e9gration harmonieuse des Albanais en Suisse, ainsi que le d\u00e9veloppement de leur pays d&#8217;origine<\/p>\n","protected":false},"author":4,"featured_media":736216,"comment_status":"open","ping_status":"open","sticky":false,"template":"","format":"standard","meta":{"footnotes":""},"categories":[1164,24655,24672,1163,1170,1411,2014],"tags":[],"vendi":[],"content_country":[],"class_list":["post-169392","post","type-post","status-publish","format-standard","has-post-thumbnail","hentry","category-integration-fr","category-medecins-albanais-en-suisse","category-sante-fr-2","category-fr-e-diaspora","category-vivre-en-suisse","category-newsletter-fr","category-newsletter-media-fr"],"acf":[],"_links":{"self":[{"href":"https:\/\/www.albinfo.at\/fr\/wp-json\/wp\/v2\/posts\/169392","targetHints":{"allow":["GET"]}}],"collection":[{"href":"https:\/\/www.albinfo.at\/fr\/wp-json\/wp\/v2\/posts"}],"about":[{"href":"https:\/\/www.albinfo.at\/fr\/wp-json\/wp\/v2\/types\/post"}],"author":[{"embeddable":true,"href":"https:\/\/www.albinfo.at\/fr\/wp-json\/wp\/v2\/users\/4"}],"replies":[{"embeddable":true,"href":"https:\/\/www.albinfo.at\/fr\/wp-json\/wp\/v2\/comments?post=169392"}],"version-history":[{"count":1,"href":"https:\/\/www.albinfo.at\/fr\/wp-json\/wp\/v2\/posts\/169392\/revisions"}],"predecessor-version":[{"id":775698,"href":"https:\/\/www.albinfo.at\/fr\/wp-json\/wp\/v2\/posts\/169392\/revisions\/775698"}],"wp:featuredmedia":[{"embeddable":true,"href":"https:\/\/www.albinfo.at\/fr\/wp-json\/wp\/v2\/media\/736216"}],"wp:attachment":[{"href":"https:\/\/www.albinfo.at\/fr\/wp-json\/wp\/v2\/media?parent=169392"}],"wp:term":[{"taxonomy":"category","embeddable":true,"href":"https:\/\/www.albinfo.at\/fr\/wp-json\/wp\/v2\/categories?post=169392"},{"taxonomy":"post_tag","embeddable":true,"href":"https:\/\/www.albinfo.at\/fr\/wp-json\/wp\/v2\/tags?post=169392"},{"taxonomy":"vendi","embeddable":true,"href":"https:\/\/www.albinfo.at\/fr\/wp-json\/wp\/v2\/vendi?post=169392"},{"taxonomy":"content_country","embeddable":true,"href":"https:\/\/www.albinfo.at\/fr\/wp-json\/wp\/v2\/content_country?post=169392"}],"curies":[{"name":"wp","href":"https:\/\/api.w.org\/{rel}","templated":true}]}}