{"id":155702,"date":"2017-07-19T15:41:32","date_gmt":"2017-07-19T13:41:32","guid":{"rendered":"http:\/\/www.albinfo.ch\/?p=155702\/"},"modified":"2017-07-19T15:41:32","modified_gmt":"2017-07-19T13:41:32","slug":"incendies-au-montenegro-la-suisse-deploie-un-helicoptere-et-envoie-un-detachement","status":"publish","type":"post","link":"https:\/\/www.albinfo.at\/fr\/incendies-au-montenegro-la-suisse-deploie-un-helicoptere-et-envoie-un-detachement\/","title":{"rendered":"Incendies au Mont\u00e9n\u00e9gro: la Suisse d\u00e9ploie un h\u00e9licopt\u00e8re et envoie un d\u00e9tachement"},"content":{"rendered":"<p>A l\u2019image d\u2019autres Etats en Europe, le Mont\u00e9n\u00e9gro fait face \u00e0 d\u2019importants incendies. Des dizaines d\u2019hectares de for\u00eats sont partis en fum\u00e9e, des centaines d\u2019habitants des localit\u00e9s de Herceg Novi, Tivat et Kotor ont d\u00fb \u00eatre \u00e9vacu\u00e9s. Les autorit\u00e9s du pays ont d\u00e9ploy\u00e9 tous les moyens \u00e0 leur disposition pour ma\u00eetriser les flammes.<\/p>\n<p>En r\u00e9ponse \u00e0 l\u2019appel \u00e0 l\u2019assistance internationale des autorit\u00e9s du Mont\u00e9n\u00e9gro, la Suisse a d\u00e9cid\u00e9 de d\u00e9ployer un h\u00e9licopt\u00e8re Super Puma de l\u2019Arm\u00e9e suisse affr\u00e9t\u00e9 \u00e0 la KFOR depuis le Kosovo. \u00c9quip\u00e9 pour l\u2019extinction de feu, l\u2019appareil se pr\u00e9pare \u00e0 rejoindre les op\u00e9rations en cours dans plusieurs parties du Mont\u00e9n\u00e9gro.<\/p>\n<p>Parall\u00e8lement, une \u00e9quipe d\u2019intervention rapide de l\u2019Aide humanitaire de la DDC se rend sur place cet apr\u00e8s-midi. Accompagn\u00e9 par des sp\u00e9cialistes de l\u2019Arm\u00e9e suisse, ce d\u00e9tachement coordonnera les actions de la Suisse avec les autorit\u00e9s du Mont\u00e9n\u00e9gro et appuiera l\u2019\u00e9quipage du Super Puma dans ses interventions.<\/p>\n","protected":false},"excerpt":{"rendered":"<p>Depuis quelques jours, le Mont\u00e9n\u00e9gro est confront\u00e9 \u00e0 des incendies qui ravagent plusieurs localit\u00e9s. Face \u00e0 l\u2019ampleur de la situation, les autorit\u00e9s du pays ont lanc\u00e9 un appel \u00e0 l\u2019assistance internationale. La Suisse envoie aujourd\u2019hui un h\u00e9licopt\u00e8re de l\u2019Arm\u00e9e suisse depuis la base de la KFOR au Kosovo et une \u00e9quipe humanitaire depuis Berne.<\/p>\n","protected":false},"author":4,"featured_media":0,"comment_status":"open","ping_status":"open","sticky":false,"template":"","format":"standard","meta":{"footnotes":""},"categories":[1160,1187,1159,1170],"tags":[],"vendi":[],"content_country":[],"class_list":["post-155702","post","type-post","status-publish","format-standard","hentry","category-actuel","category-breves","category-ch-balkans","category-vivre-en-suisse"],"acf":[],"_links":{"self":[{"href":"https:\/\/www.albinfo.at\/fr\/wp-json\/wp\/v2\/posts\/155702","targetHints":{"allow":["GET"]}}],"collection":[{"href":"https:\/\/www.albinfo.at\/fr\/wp-json\/wp\/v2\/posts"}],"about":[{"href":"https:\/\/www.albinfo.at\/fr\/wp-json\/wp\/v2\/types\/post"}],"author":[{"embeddable":true,"href":"https:\/\/www.albinfo.at\/fr\/wp-json\/wp\/v2\/users\/4"}],"replies":[{"embeddable":true,"href":"https:\/\/www.albinfo.at\/fr\/wp-json\/wp\/v2\/comments?post=155702"}],"version-history":[{"count":0,"href":"https:\/\/www.albinfo.at\/fr\/wp-json\/wp\/v2\/posts\/155702\/revisions"}],"wp:attachment":[{"href":"https:\/\/www.albinfo.at\/fr\/wp-json\/wp\/v2\/media?parent=155702"}],"wp:term":[{"taxonomy":"category","embeddable":true,"href":"https:\/\/www.albinfo.at\/fr\/wp-json\/wp\/v2\/categories?post=155702"},{"taxonomy":"post_tag","embeddable":true,"href":"https:\/\/www.albinfo.at\/fr\/wp-json\/wp\/v2\/tags?post=155702"},{"taxonomy":"vendi","embeddable":true,"href":"https:\/\/www.albinfo.at\/fr\/wp-json\/wp\/v2\/vendi?post=155702"},{"taxonomy":"content_country","embeddable":true,"href":"https:\/\/www.albinfo.at\/fr\/wp-json\/wp\/v2\/content_country?post=155702"}],"curies":[{"name":"wp","href":"https:\/\/api.w.org\/{rel}","templated":true}]}}